{"id":107,"date":"2019-02-20T21:30:09","date_gmt":"2019-02-20T20:30:09","guid":{"rendered":"http:\/\/lafermedelamotte.fr\/?p=107"},"modified":"2019-07-27T08:59:50","modified_gmt":"2019-07-27T06:59:50","slug":"la-facade-juin-juillet","status":"publish","type":"post","link":"http:\/\/lafermedelamotte.fr\/index.php\/2019\/02\/20\/la-facade-juin-juillet\/","title":{"rendered":"La fa\u00e7ade &#8211; juin \/ juillet"},"content":{"rendered":"<p>Le gros travail de l&rsquo;\u00e9t\u00e9\u00a0 2018 : le <strong>rejointoiement de la fa\u00e7ade.<\/strong><\/p>\n<p>Il a d&rsquo;abord fallu trouver le m\u00e9lange qui donnerait la couleur que nous souhaitions. Apr\u00e8s plusieurs essais, nous nous sommes arr\u00eat\u00e9s sur le m\u00e9lange suivant :<\/p>\n<p>2 seaux de sable du mans<\/p>\n<p>1 seau de sable rouge de la carri\u00e8re des No\u00e9s de Oisseau le Petit<\/p>\n<p>1 seau de chaux NHL 3,5<\/p>\n<hr \/>\n<p>Avant de commencer, Yohann souhaitait retirer les briques pour les remplacer par des pierres. Il faut quand m\u00eame \u00eatre perfectionniste pour vouloir changer des briques en pierres alors que cela va \u00eatre enduit \ud83d\ude42<\/p>\n<figure id=\"attachment_109\" aria-describedby=\"caption-attachment-109\" style=\"width: 525px\" class=\"wp-caption alignnone\"><img loading=\"lazy\" decoding=\"async\" class=\"wp-image-109 size-large\" src=\"http:\/\/lafermedelamotte.fr\/wp-content\/uploads\/2019\/02\/blog-brique-1024x541.jpg\" alt=\"\" width=\"525\" height=\"277\" srcset=\"http:\/\/lafermedelamotte.fr\/wp-content\/uploads\/2019\/02\/blog-brique-1024x541.jpg 1024w, http:\/\/lafermedelamotte.fr\/wp-content\/uploads\/2019\/02\/blog-brique-300x159.jpg 300w, http:\/\/lafermedelamotte.fr\/wp-content\/uploads\/2019\/02\/blog-brique-768x406.jpg 768w, http:\/\/lafermedelamotte.fr\/wp-content\/uploads\/2019\/02\/blog-brique.jpg 1706w\" sizes=\"auto, (max-width: 525px) 100vw, 525px\" \/><figcaption id=\"caption-attachment-109\" class=\"wp-caption-text\">Avant<\/figcaption><\/figure>\n<figure id=\"attachment_111\" aria-describedby=\"caption-attachment-111\" style=\"width: 1000px\" class=\"wp-caption alignnone\"><img loading=\"lazy\" decoding=\"async\" class=\"wp-image-111 size-full\" style=\"font-size: 1rem;\" src=\"http:\/\/lafermedelamotte.fr\/wp-content\/uploads\/2019\/02\/blog-brique-3.jpg\" alt=\"\" width=\"1000\" height=\"750\" srcset=\"http:\/\/lafermedelamotte.fr\/wp-content\/uploads\/2019\/02\/blog-brique-3.jpg 1000w, http:\/\/lafermedelamotte.fr\/wp-content\/uploads\/2019\/02\/blog-brique-3-300x225.jpg 300w, http:\/\/lafermedelamotte.fr\/wp-content\/uploads\/2019\/02\/blog-brique-3-768x576.jpg 768w\" sizes=\"auto, (max-width: 767px) 89vw, (max-width: 1000px) 54vw, (max-width: 1071px) 543px, 580px\" \/><figcaption id=\"caption-attachment-111\" class=\"wp-caption-text\">Sans les briques<\/figcaption><\/figure>\n<figure id=\"attachment_113\" aria-describedby=\"caption-attachment-113\" style=\"width: 1000px\" class=\"wp-caption alignnone\"><img loading=\"lazy\" decoding=\"async\" class=\"wp-image-113 size-full\" style=\"font-size: 1rem;\" src=\"http:\/\/lafermedelamotte.fr\/wp-content\/uploads\/2019\/02\/blog-brique1.jpg\" alt=\"\" width=\"1000\" height=\"750\" srcset=\"http:\/\/lafermedelamotte.fr\/wp-content\/uploads\/2019\/02\/blog-brique1.jpg 1000w, http:\/\/lafermedelamotte.fr\/wp-content\/uploads\/2019\/02\/blog-brique1-300x225.jpg 300w, http:\/\/lafermedelamotte.fr\/wp-content\/uploads\/2019\/02\/blog-brique1-768x576.jpg 768w\" sizes=\"auto, (max-width: 767px) 89vw, (max-width: 1000px) 54vw, (max-width: 1071px) 543px, 580px\" \/><figcaption id=\"caption-attachment-113\" class=\"wp-caption-text\">Les ma\u00e7ons au boulot !<\/figcaption><\/figure>\n<p><img loading=\"lazy\" decoding=\"async\" class=\"alignnone wp-image-110 size-full\" src=\"http:\/\/lafermedelamotte.fr\/wp-content\/uploads\/2019\/02\/blog-brique-2.jpg\" alt=\"\" width=\"1000\" height=\"750\" srcset=\"http:\/\/lafermedelamotte.fr\/wp-content\/uploads\/2019\/02\/blog-brique-2.jpg 1000w, http:\/\/lafermedelamotte.fr\/wp-content\/uploads\/2019\/02\/blog-brique-2-300x225.jpg 300w, http:\/\/lafermedelamotte.fr\/wp-content\/uploads\/2019\/02\/blog-brique-2-768x576.jpg 768w\" sizes=\"auto, (max-width: 767px) 89vw, (max-width: 1000px) 54vw, (max-width: 1071px) 543px, 580px\" \/><\/p>\n<figure id=\"attachment_112\" aria-describedby=\"caption-attachment-112\" style=\"width: 1000px\" class=\"wp-caption alignnone\"><img loading=\"lazy\" decoding=\"async\" class=\"wp-image-112 size-full\" style=\"font-size: 1rem;\" src=\"http:\/\/lafermedelamotte.fr\/wp-content\/uploads\/2019\/02\/blog-brique-4.jpg\" alt=\"\" width=\"1000\" height=\"750\" srcset=\"http:\/\/lafermedelamotte.fr\/wp-content\/uploads\/2019\/02\/blog-brique-4.jpg 1000w, http:\/\/lafermedelamotte.fr\/wp-content\/uploads\/2019\/02\/blog-brique-4-300x225.jpg 300w, http:\/\/lafermedelamotte.fr\/wp-content\/uploads\/2019\/02\/blog-brique-4-768x576.jpg 768w\" sizes=\"auto, (max-width: 767px) 89vw, (max-width: 1000px) 54vw, (max-width: 1071px) 543px, 580px\" \/><figcaption id=\"caption-attachment-112\" class=\"wp-caption-text\">APRES<\/figcaption><\/figure>\n<p><span style=\"font-size: 1rem;\">\u00a0<\/span><span style=\"font-size: 1rem;\">\u00a0Merci Eric pour ton aide \ud83d\ude42<\/span><\/p>\n<hr \/>\n<p>Puis il a fallu \u00e9galement lessiver les pierres et supprimer les anciens joints<\/p>\n<p>&#8230; au petit creuse-joints&#8230;<\/p>\n<p><img loading=\"lazy\" decoding=\"async\" class=\"alignnone wp-image-114 size-full\" src=\"http:\/\/lafermedelamotte.fr\/wp-content\/uploads\/2019\/02\/blog-prepa.jpg\" alt=\"\" width=\"1000\" height=\"750\" srcset=\"http:\/\/lafermedelamotte.fr\/wp-content\/uploads\/2019\/02\/blog-prepa.jpg 1000w, http:\/\/lafermedelamotte.fr\/wp-content\/uploads\/2019\/02\/blog-prepa-300x225.jpg 300w, http:\/\/lafermedelamotte.fr\/wp-content\/uploads\/2019\/02\/blog-prepa-768x576.jpg 768w\" sizes=\"auto, (max-width: 767px) 89vw, (max-width: 1000px) 54vw, (max-width: 1071px) 543px, 580px\" \/><\/p>\n<p>&#8230; et puis finalement, au karcher !<\/p>\n<p><img loading=\"lazy\" decoding=\"async\" class=\"alignnone wp-image-116 size-full\" src=\"http:\/\/lafermedelamotte.fr\/wp-content\/uploads\/2019\/02\/blog-prepa4.jpg\" alt=\"\" width=\"750\" height=\"1000\" srcset=\"http:\/\/lafermedelamotte.fr\/wp-content\/uploads\/2019\/02\/blog-prepa4.jpg 750w, http:\/\/lafermedelamotte.fr\/wp-content\/uploads\/2019\/02\/blog-prepa4-225x300.jpg 225w\" sizes=\"auto, (max-width: 706px) 89vw, (max-width: 767px) 82vw, 740px\" \/><\/p>\n<figure id=\"attachment_115\" aria-describedby=\"caption-attachment-115\" style=\"width: 750px\" class=\"wp-caption aligncenter\"><img loading=\"lazy\" decoding=\"async\" class=\"wp-image-115 size-full\" src=\"http:\/\/lafermedelamotte.fr\/wp-content\/uploads\/2019\/02\/blog-prepa2.jpg\" alt=\"\" width=\"750\" height=\"1000\" srcset=\"http:\/\/lafermedelamotte.fr\/wp-content\/uploads\/2019\/02\/blog-prepa2.jpg 750w, http:\/\/lafermedelamotte.fr\/wp-content\/uploads\/2019\/02\/blog-prepa2-225x300.jpg 225w\" sizes=\"auto, (max-width: 706px) 89vw, (max-width: 767px) 82vw, 740px\" \/><figcaption id=\"caption-attachment-115\" class=\"wp-caption-text\">Oh qu&rsquo;il est beau !<\/figcaption><\/figure>\n<figure id=\"attachment_117\" aria-describedby=\"caption-attachment-117\" style=\"width: 1000px\" class=\"wp-caption alignnone\"><img loading=\"lazy\" decoding=\"async\" class=\"wp-image-117 size-full\" src=\"http:\/\/lafermedelamotte.fr\/wp-content\/uploads\/2019\/02\/blog-prepa-3.jpg\" alt=\"\" width=\"1000\" height=\"750\" srcset=\"http:\/\/lafermedelamotte.fr\/wp-content\/uploads\/2019\/02\/blog-prepa-3.jpg 1000w, http:\/\/lafermedelamotte.fr\/wp-content\/uploads\/2019\/02\/blog-prepa-3-300x225.jpg 300w, http:\/\/lafermedelamotte.fr\/wp-content\/uploads\/2019\/02\/blog-prepa-3-768x576.jpg 768w\" sizes=\"auto, (max-width: 767px) 89vw, (max-width: 1000px) 54vw, (max-width: 1071px) 543px, 580px\" \/><figcaption id=\"caption-attachment-117\" class=\"wp-caption-text\">Fini !<\/figcaption><\/figure>\n<hr \/>\n<p>ET ENFIN, nous nous sommes lanc\u00e9s&#8230;<\/p>\n<p>Yohann enduisait et je brossais l&rsquo;enduit quelques heures apr\u00e8s.<\/p>\n<figure id=\"attachment_120\" aria-describedby=\"caption-attachment-120\" style=\"width: 750px\" class=\"wp-caption alignnone\"><img loading=\"lazy\" decoding=\"async\" class=\"wp-image-120 size-full\" style=\"font-size: 1rem;\" src=\"http:\/\/lafermedelamotte.fr\/wp-content\/uploads\/2019\/02\/blog-enduit.jpg\" alt=\"\" width=\"750\" height=\"1000\" srcset=\"http:\/\/lafermedelamotte.fr\/wp-content\/uploads\/2019\/02\/blog-enduit.jpg 750w, http:\/\/lafermedelamotte.fr\/wp-content\/uploads\/2019\/02\/blog-enduit-225x300.jpg 225w\" sizes=\"auto, (max-width: 706px) 89vw, (max-width: 767px) 82vw, 740px\" \/><figcaption id=\"caption-attachment-120\" class=\"wp-caption-text\">Yohann en haut de l&rsquo;\u00e9chafaudage<\/figcaption><\/figure>\n<p><img loading=\"lazy\" decoding=\"async\" class=\"alignnone wp-image-119 size-full\" src=\"http:\/\/lafermedelamotte.fr\/wp-content\/uploads\/2019\/02\/blog-enduit-3.jpg\" alt=\"\" width=\"750\" height=\"1000\" srcset=\"http:\/\/lafermedelamotte.fr\/wp-content\/uploads\/2019\/02\/blog-enduit-3.jpg 750w, http:\/\/lafermedelamotte.fr\/wp-content\/uploads\/2019\/02\/blog-enduit-3-225x300.jpg 225w\" sizes=\"auto, (max-width: 706px) 89vw, (max-width: 767px) 82vw, 740px\" \/><\/p>\n<figure id=\"attachment_118\" aria-describedby=\"caption-attachment-118\" style=\"width: 750px\" class=\"wp-caption alignnone\"><img loading=\"lazy\" decoding=\"async\" class=\"wp-image-118 size-full\" src=\"http:\/\/lafermedelamotte.fr\/wp-content\/uploads\/2019\/02\/blog-enduit-2.jpg\" alt=\"\" width=\"750\" height=\"1000\" srcset=\"http:\/\/lafermedelamotte.fr\/wp-content\/uploads\/2019\/02\/blog-enduit-2.jpg 750w, http:\/\/lafermedelamotte.fr\/wp-content\/uploads\/2019\/02\/blog-enduit-2-225x300.jpg 225w\" sizes=\"auto, (max-width: 706px) 89vw, (max-width: 767px) 82vw, 740px\" \/><figcaption id=\"caption-attachment-118\" class=\"wp-caption-text\">Guillaume en plein boulot !<\/figcaption><\/figure>\n<p>Merci \u00e0 Papa, Maman, Eric, Dju, Guillaume, Pierre, G\u00e9raldine pour votre aide !!<\/p>\n<hr \/>\n<p>Ce travail nous a pris les 2 mois d&rsquo;\u00e9t\u00e9 pendant lesquels il a fallu souvent jongler entre les siestes de Romane&#8230; Mais nous sommes extr\u00eamement contents du r\u00e9sultat !!<\/p>\n<p><img loading=\"lazy\" decoding=\"async\" class=\"alignnone size-medium wp-image-121\" src=\"http:\/\/lafermedelamotte.fr\/wp-content\/uploads\/2019\/02\/blog-fa\u00e7ade-300x225.jpg\" alt=\"\" width=\"300\" height=\"225\" \/> <img loading=\"lazy\" decoding=\"async\" class=\"alignnone wp-image-122 size-full\" src=\"http:\/\/lafermedelamotte.fr\/wp-content\/uploads\/2019\/02\/blog-facade2.jpg\" alt=\"\" width=\"1000\" height=\"750\" srcset=\"http:\/\/lafermedelamotte.fr\/wp-content\/uploads\/2019\/02\/blog-facade2.jpg 1000w, http:\/\/lafermedelamotte.fr\/wp-content\/uploads\/2019\/02\/blog-facade2-300x225.jpg 300w, http:\/\/lafermedelamotte.fr\/wp-content\/uploads\/2019\/02\/blog-facade2-768x576.jpg 768w\" sizes=\"auto, (max-width: 767px) 89vw, (max-width: 1000px) 54vw, (max-width: 1071px) 543px, 580px\" \/><\/p>\n<p><img loading=\"lazy\" decoding=\"async\" class=\"alignnone size-medium wp-image-125\" src=\"http:\/\/lafermedelamotte.fr\/wp-content\/uploads\/2019\/02\/blog-fa\u00e7ade-1-300x225.jpg\" alt=\"\" width=\"300\" height=\"225\" srcset=\"http:\/\/lafermedelamotte.fr\/wp-content\/uploads\/2019\/02\/blog-fa\u00e7ade-1-300x225.jpg 300w, http:\/\/lafermedelamotte.fr\/wp-content\/uploads\/2019\/02\/blog-fa\u00e7ade-1-768x576.jpg 768w, http:\/\/lafermedelamotte.fr\/wp-content\/uploads\/2019\/02\/blog-fa\u00e7ade-1.jpg 1000w\" sizes=\"auto, (max-width: 300px) 100vw, 300px\" \/><img loading=\"lazy\" decoding=\"async\" class=\"alignnone size-medium wp-image-125\" src=\"http:\/\/lafermedelamotte.fr\/wp-content\/uploads\/2019\/02\/blog-fa\u00e7ade-1-300x225.jpg\" alt=\"\" width=\"300\" height=\"225\" srcset=\"http:\/\/lafermedelamotte.fr\/wp-content\/uploads\/2019\/02\/blog-fa\u00e7ade-1-300x225.jpg 300w, http:\/\/lafermedelamotte.fr\/wp-content\/uploads\/2019\/02\/blog-fa\u00e7ade-1-768x576.jpg 768w, http:\/\/lafermedelamotte.fr\/wp-content\/uploads\/2019\/02\/blog-fa\u00e7ade-1.jpg 1000w\" sizes=\"auto, (max-width: 300px) 100vw, 300px\" \/><img loading=\"lazy\" decoding=\"async\" class=\"alignnone wp-image-126 size-full\" src=\"http:\/\/lafermedelamotte.fr\/wp-content\/uploads\/2019\/02\/blog-facade-3.jpg\" alt=\"\" width=\"1000\" height=\"750\" srcset=\"http:\/\/lafermedelamotte.fr\/wp-content\/uploads\/2019\/02\/blog-facade-3.jpg 1000w, http:\/\/lafermedelamotte.fr\/wp-content\/uploads\/2019\/02\/blog-facade-3-300x225.jpg 300w, http:\/\/lafermedelamotte.fr\/wp-content\/uploads\/2019\/02\/blog-facade-3-768x576.jpg 768w\" sizes=\"auto, (max-width: 767px) 89vw, (max-width: 1000px) 54vw, (max-width: 1071px) 543px, 580px\" \/><\/p>\n","protected":false},"excerpt":{"rendered":"<p>Le gros travail de l&rsquo;\u00e9t\u00e9\u00a0 2018 : le rejointoiement de la fa\u00e7ade. Il a d&rsquo;abord fallu trouver le m\u00e9lange qui donnerait la couleur que nous souhaitions. Apr\u00e8s plusieurs essais, nous nous sommes arr\u00eat\u00e9s sur le m\u00e9lange suivant : 2 seaux de sable du mans 1 seau de sable rouge de la carri\u00e8re des No\u00e9s de &hellip; <\/p>\n<p class=\"link-more\"><a href=\"http:\/\/lafermedelamotte.fr\/index.php\/2019\/02\/20\/la-facade-juin-juillet\/\" class=\"more-link\">Continuer la lecture<span class=\"screen-reader-text\"> de &laquo;&nbsp;La fa\u00e7ade &#8211; juin \/ juillet&nbsp;&raquo;<\/span><\/a><\/p>\n","protected":false},"author":1,"featured_media":0,"comment_status":"open","ping_status":"open","sticky":false,"template":"","format":"standard","meta":{"_jetpack_memberships_contains_paid_content":false,"footnotes":""},"categories":[2,1],"tags":[],"class_list":["post-107","post","type-post","status-publish","format-standard","hentry","category-maison","category-non-classe"],"jetpack_featured_media_url":"","jetpack_sharing_enabled":true,"_links":{"self":[{"href":"http:\/\/lafermedelamotte.fr\/index.php\/wp-json\/wp\/v2\/posts\/107","targetHints":{"allow":["GET"]}}],"collection":[{"href":"http:\/\/lafermedelamotte.fr\/index.php\/wp-json\/wp\/v2\/posts"}],"about":[{"href":"http:\/\/lafermedelamotte.fr\/index.php\/wp-json\/wp\/v2\/types\/post"}],"author":[{"embeddable":true,"href":"http:\/\/lafermedelamotte.fr\/index.php\/wp-json\/wp\/v2\/users\/1"}],"replies":[{"embeddable":true,"href":"http:\/\/lafermedelamotte.fr\/index.php\/wp-json\/wp\/v2\/comments?post=107"}],"version-history":[{"count":2,"href":"http:\/\/lafermedelamotte.fr\/index.php\/wp-json\/wp\/v2\/posts\/107\/revisions"}],"predecessor-version":[{"id":152,"href":"http:\/\/lafermedelamotte.fr\/index.php\/wp-json\/wp\/v2\/posts\/107\/revisions\/152"}],"wp:attachment":[{"href":"http:\/\/lafermedelamotte.fr\/index.php\/wp-json\/wp\/v2\/media?parent=107"}],"wp:term":[{"taxonomy":"category","embeddable":true,"href":"http:\/\/lafermedelamotte.fr\/index.php\/wp-json\/wp\/v2\/categories?post=107"},{"taxonomy":"post_tag","embeddable":true,"href":"http:\/\/lafermedelamotte.fr\/index.php\/wp-json\/wp\/v2\/tags?post=107"}],"curies":[{"name":"wp","href":"https:\/\/api.w.org\/{rel}","templated":true}]}}