{"id":14,"date":"2017-07-09T09:26:24","date_gmt":"2017-07-09T07:26:24","guid":{"rendered":"http:\/\/lafermedelamotte.fr\/?p=14"},"modified":"2019-02-19T14:26:17","modified_gmt":"2019-02-19T13:26:17","slug":"un-blog-pour-la-motte","status":"publish","type":"post","link":"http:\/\/lafermedelamotte.fr\/index.php\/2017\/07\/09\/un-blog-pour-la-motte\/","title":{"rendered":"Un blog pour la Motte"},"content":{"rendered":"<p>Bienvenue sur le blog ultra sophistiqu\u00e9 (!) de Marianne et Yohann !<\/p>\n<p>&nbsp;<\/p>\n<p>&nbsp;<\/p>\n<p>Alors voil\u00e0\u2026<\/p>\n<p>Apr\u00e8s un an de recherche, nous venons d\u2019acheter une petite fermette \u00e0 Saint Germain du Corb\u00e9is, avec un petit bout de terrain (7ha60\u2026!).<\/p>\n<p><img loading=\"lazy\" decoding=\"async\" class=\"size-medium wp-image-11 alignleft\" src=\"http:\/\/fermedelamotte.unblog.fr\/files\/2017\/07\/dsc_7314redim2-300x200.jpg\" alt=\"DSC_7314redim\" width=\"300\" height=\"200\" \/><\/p>\n<p>&nbsp;<\/p>\n<p>&nbsp;<\/p>\n<p>&nbsp;<\/p>\n<p>&nbsp;<\/p>\n<p>&nbsp;<\/p>\n<p>&nbsp;<\/p>\n<p>&nbsp;<\/p>\n<p>Nous avons beaucoup\u00a0de projets pour ce lieu : restaurer la maison, mettre en place une serre, un potager et un verger nous permettant de tendre vers l\u2019autosuffisance en terme de l\u00e9gumes et de fruits, \u00e9lever des b\u00eates \u00e0 2 ou 4 pattes, promouvoir la sieste sur un transat sous un saule en \u00e9coutant le bruit de la rivi\u00e8re qui accompagne le chant des oiseaux, restaurer les ruines pr\u00e9sentes sur le terrain, mettre en place une phyto \u00e9puration\u2026<\/p>\n<p>Bien entendu, nous avons une image id\u00e9alis\u00e9e de ce que devrait devenir ce lieu. Bien entendu, il ne sera pas comme nous le r\u00eavons actuellement : il sera la somme de nos efforts, de nos rencontres, de nos inspirations, \u00a0de notre (nos?) enfant(s), de nos parents, de nos fr\u00e8res, de nos amis, de nos humeurs, de la m\u00e9t\u00e9o, du sens du vent, de notre porte-monnaie, des d\u00e9cisions politiques en terme d\u2019aides \u00e0 la r\u00e9novation, de notre sant\u00e9, et de pas mal d\u2019autres choses\u2026<\/p>\n<p>Mais ce que ce que ce lieu deviendra nous importe moins que tout ce que nous allons apprendre et vivre tout au long du chemin\u2026<\/p>\n<p>&nbsp;<\/p>\n<p>Pourquoi un blog ?<\/p>\n<p>Pour garder une trace de nos avanc\u00e9es (ou reculs)<\/p>\n<p>Pour permettre aux parents et copains qui ne sont pas dans le coin de suivre l\u2019\u00e9volution de tout cela<\/p>\n<p>Pour annoncer \u00a0des jours \/ week-ends \/ semaines de chantier : en effet, beaucoup d\u2019entre vous se sont d\u00e9j\u00e0 propos\u00e9s pour nous aider. Par ce blog, vous pourrez donc vous tenir au courant de ce qui va \u00eatre fait, et pourquoi pas, nous contacter si cela vous dit de venir participer !<\/p>\n<p>&nbsp;<\/p>\n<p>Nous pr\u00e9cisons que la tenue de ce blog fait partie des exp\u00e9riences que nous r\u00e9alisons. Il n\u2019est pas impossible que celui ci ne survive pas tr\u00e8s longtemps ! Le meilleur moyen de vous tenir au courant de notre projet \u00e0 la ferme est encore de venir nous \u00a0voir ! Notre plus belle r\u00e9ussite serait que ce lieu magnifique aux portes d\u2019Alen\u00e7on soit un lieu VIVANT !<\/p>\n<p>A tr\u00e8s bient\u00f4t \u00e0 la ferme !!<\/p>\n<p>&nbsp;<\/p>\n","protected":false},"excerpt":{"rendered":"<p>Bienvenue sur le blog ultra sophistiqu\u00e9 (!) de Marianne et Yohann ! &nbsp; &nbsp; Alors voil\u00e0\u2026 Apr\u00e8s un an de recherche, nous venons d\u2019acheter une petite fermette \u00e0 Saint Germain du Corb\u00e9is, avec un petit bout de terrain (7ha60\u2026!). &nbsp; &nbsp; &nbsp; &nbsp; &nbsp; &nbsp; &nbsp; Nous avons beaucoup\u00a0de projets pour ce lieu : restaurer &hellip; <\/p>\n<p class=\"link-more\"><a href=\"http:\/\/lafermedelamotte.fr\/index.php\/2017\/07\/09\/un-blog-pour-la-motte\/\" class=\"more-link\">Continuer la lecture<span class=\"screen-reader-text\"> de &laquo;&nbsp;Un blog pour la Motte&nbsp;&raquo;<\/span><\/a><\/p>\n","protected":false},"author":1,"featured_media":0,"comment_status":"open","ping_status":"open","sticky":false,"template":"","format":"standard","meta":{"_jetpack_memberships_contains_paid_content":false,"footnotes":""},"categories":[1],"tags":[],"class_list":["post-14","post","type-post","status-publish","format-standard","hentry","category-non-classe"],"jetpack_featured_media_url":"","jetpack_sharing_enabled":true,"_links":{"self":[{"href":"http:\/\/lafermedelamotte.fr\/index.php\/wp-json\/wp\/v2\/posts\/14","targetHints":{"allow":["GET"]}}],"collection":[{"href":"http:\/\/lafermedelamotte.fr\/index.php\/wp-json\/wp\/v2\/posts"}],"about":[{"href":"http:\/\/lafermedelamotte.fr\/index.php\/wp-json\/wp\/v2\/types\/post"}],"author":[{"embeddable":true,"href":"http:\/\/lafermedelamotte.fr\/index.php\/wp-json\/wp\/v2\/users\/1"}],"replies":[{"embeddable":true,"href":"http:\/\/lafermedelamotte.fr\/index.php\/wp-json\/wp\/v2\/comments?post=14"}],"version-history":[{"count":3,"href":"http:\/\/lafermedelamotte.fr\/index.php\/wp-json\/wp\/v2\/posts\/14\/revisions"}],"predecessor-version":[{"id":94,"href":"http:\/\/lafermedelamotte.fr\/index.php\/wp-json\/wp\/v2\/posts\/14\/revisions\/94"}],"wp:attachment":[{"href":"http:\/\/lafermedelamotte.fr\/index.php\/wp-json\/wp\/v2\/media?parent=14"}],"wp:term":[{"taxonomy":"category","embeddable":true,"href":"http:\/\/lafermedelamotte.fr\/index.php\/wp-json\/wp\/v2\/categories?post=14"},{"taxonomy":"post_tag","embeddable":true,"href":"http:\/\/lafermedelamotte.fr\/index.php\/wp-json\/wp\/v2\/tags?post=14"}],"curies":[{"name":"wp","href":"https:\/\/api.w.org\/{rel}","templated":true}]}}