{"id":174,"date":"2019-02-24T19:13:36","date_gmt":"2019-02-24T18:13:36","guid":{"rendered":"http:\/\/lafermedelamotte.fr\/?p=174"},"modified":"2019-07-27T09:01:28","modified_gmt":"2019-07-27T07:01:28","slug":"isolation-du-bas","status":"publish","type":"post","link":"http:\/\/lafermedelamotte.fr\/index.php\/2019\/02\/24\/isolation-du-bas\/","title":{"rendered":"Isolation du bas"},"content":{"rendered":"\n<p>Une maison \u00e9conomique et \u00e9cologique est une maison bien isol\u00e9e avec si possible des mat\u00e9riaux naturels et recyclables. <\/p>\n\n\n\n<p>Apr\u00e8s que les huisseries aient \u00e9t\u00e9 pos\u00e9es, ce qui est d\u00e9j\u00e0 un gros apport au niveau de l&rsquo;isolation, nous nous sommes donc pench\u00e9s sur ce que nous allions mettre et comment! <\/p>\n\n\n\n<p>Apr\u00e8s pas mal de temps pass\u00e9 \u00e0 s&rsquo;informer aupr\u00e8s d&rsquo;artisans et sur internet sur ce qui serait le mieux pour notre maison, nous avons d\u00e9cid\u00e9 d&rsquo;isoler les murs avec de la laine de bois, 145 mm d&rsquo;\u00e9paisseur. Les joues des fen\u00eatres devaient quant \u00e0 elles \u00eatre isol\u00e9es avec 2 cm de li\u00e8ge. Il n&rsquo;y  en aura que 4mm (sauf autour de la baie o\u00f9 un li\u00e8ge de 2cm pourra \u00eatre plac\u00e9).<\/p>\n\n\n\n<p>Nous avons suivi le sch\u00e9ma ci dessous pour l&rsquo;isolation et la pose du placo. <\/p>\n\n\n\n<p><\/p>\n\n\n\n<figure class=\"wp-block-image is-resized\"><img loading=\"lazy\" decoding=\"async\" src=\"http:\/\/lafermedelamotte.fr\/wp-content\/uploads\/2019\/02\/Sans-titre.jpg\" alt=\"\" class=\"wp-image-175\" width=\"586\" height=\"495\" srcset=\"http:\/\/lafermedelamotte.fr\/wp-content\/uploads\/2019\/02\/Sans-titre.jpg 659w, http:\/\/lafermedelamotte.fr\/wp-content\/uploads\/2019\/02\/Sans-titre-300x254.jpg 300w\" sizes=\"auto, (max-width: 586px) 100vw, 586px\" \/><\/figure>\n\n\n\n<p>Apr\u00e8s avoir <a href=\"http:\/\/lafermedelamotte.fr\/index.php\/2017\/07\/29\/piqueti-piquetage-31-juillet-2017\/\">piquet\u00e9<\/a> le ciment , nous l&rsquo;avons enduit d&rsquo;un m\u00e9lange chaux\/sable ( 1 pour 3 ) pour am\u00e9liorer l&rsquo;hygrom\u00e9trie des murs.<\/p>\n\n\n\n<p>Ensuite nous avons install\u00e9 la laine de bois, tenue gr\u00e2ce \u00e0 la technique de fourreaux et de cavaliers mise au point par Saint-Gobin, le syst\u00e8me OPTIMA 2. <\/p>\n\n\n\n<figure class=\"wp-block-image\"><img loading=\"lazy\" decoding=\"async\" width=\"1000\" height=\"750\" src=\"http:\/\/lafermedelamotte.fr\/wp-content\/uploads\/2019\/02\/blog-isolation.jpg\" alt=\"\" class=\"wp-image-177\" srcset=\"http:\/\/lafermedelamotte.fr\/wp-content\/uploads\/2019\/02\/blog-isolation.jpg 1000w, http:\/\/lafermedelamotte.fr\/wp-content\/uploads\/2019\/02\/blog-isolation-300x225.jpg 300w, http:\/\/lafermedelamotte.fr\/wp-content\/uploads\/2019\/02\/blog-isolation-768x576.jpg 768w\" sizes=\"auto, (max-width: 767px) 89vw, (max-width: 1000px) 54vw, (max-width: 1071px) 543px, 580px\" \/><figcaption>Pascal, Yohann et Patrick d\u00e9coupent la laine et les fixent \u00e0 l&rsquo;aide du syst\u00e8me OPTIMA 2<\/figcaption><\/figure>\n\n\n\n<p>Ensuite ( et cela n&rsquo;apparait pas sur le sch\u00e9ma), nous attachons un frein vapeur, qui permet de r\u00e9guler l&rsquo;humidit\u00e9 et emp\u00eache une \u00e9ventuelle humidification trop grande de l&rsquo;isolant. <\/p>\n\n\n\n<figure class=\"wp-block-image\"><img loading=\"lazy\" decoding=\"async\" width=\"750\" height=\"1000\" src=\"http:\/\/lafermedelamotte.fr\/wp-content\/uploads\/2019\/02\/blog-isolation2.jpg\" alt=\"\" class=\"wp-image-187\" srcset=\"http:\/\/lafermedelamotte.fr\/wp-content\/uploads\/2019\/02\/blog-isolation2.jpg 750w, http:\/\/lafermedelamotte.fr\/wp-content\/uploads\/2019\/02\/blog-isolation2-225x300.jpg 225w\" sizes=\"auto, (max-width: 706px) 89vw, (max-width: 767px) 82vw, 740px\" \/><figcaption>Eric et Marianne placent le scotch TECSON<\/figcaption><\/figure>\n\n\n\n<p>La phase d&rsquo;apr\u00e8s consiste \u00e0 visser sur les fourrures des tasseaux de bois qui serviront \u00e0 poser le placo et cr\u00e9ent un vide d&rsquo;air isolant et permet aussi de faire respirer l&rsquo;isolant et le frein vapeur. <\/p>\n\n\n\n<figure class=\"wp-block-image is-resized\"><img loading=\"lazy\" decoding=\"async\" src=\"http:\/\/lafermedelamotte.fr\/wp-content\/uploads\/2019\/02\/isolation-blog-3.jpg\" alt=\"\" class=\"wp-image-180\" width=\"410\" height=\"546\" srcset=\"http:\/\/lafermedelamotte.fr\/wp-content\/uploads\/2019\/02\/isolation-blog-3.jpg 750w, http:\/\/lafermedelamotte.fr\/wp-content\/uploads\/2019\/02\/isolation-blog-3-225x300.jpg 225w\" sizes=\"auto, (max-width: 410px) 100vw, 410px\" \/><figcaption>Pose des tasseaux avec l&rsquo;aide de Cyril! <\/figcaption><\/figure>\n\n\n\n<p>Enfin, nous terminons avec la pose du placo puis finition avec joint et colle pour placo. <\/p>\n\n\n\n<figure class=\"wp-block-image\"><img loading=\"lazy\" decoding=\"async\" width=\"1000\" height=\"750\" src=\"http:\/\/lafermedelamotte.fr\/wp-content\/uploads\/2019\/02\/placo-1-1.jpg\" alt=\"\" class=\"wp-image-183\" srcset=\"http:\/\/lafermedelamotte.fr\/wp-content\/uploads\/2019\/02\/placo-1-1.jpg 1000w, http:\/\/lafermedelamotte.fr\/wp-content\/uploads\/2019\/02\/placo-1-1-300x225.jpg 300w, http:\/\/lafermedelamotte.fr\/wp-content\/uploads\/2019\/02\/placo-1-1-768x576.jpg 768w\" sizes=\"auto, (max-width: 767px) 89vw, (max-width: 1000px) 54vw, (max-width: 1071px) 543px, 580px\" \/><figcaption>Yohann, Pascal et Patrick apr\u00e8s la toute premi\u00e8re plaque de pos\u00e9e.<br><br><br><\/figcaption><\/figure>\n\n\n\n<figure class=\"wp-block-image\"><img loading=\"lazy\" decoding=\"async\" width=\"1000\" height=\"750\" src=\"http:\/\/lafermedelamotte.fr\/wp-content\/uploads\/2019\/02\/placo-2.jpg\" alt=\"\" class=\"wp-image-184\" srcset=\"http:\/\/lafermedelamotte.fr\/wp-content\/uploads\/2019\/02\/placo-2.jpg 1000w, http:\/\/lafermedelamotte.fr\/wp-content\/uploads\/2019\/02\/placo-2-300x225.jpg 300w, http:\/\/lafermedelamotte.fr\/wp-content\/uploads\/2019\/02\/placo-2-768x576.jpg 768w\" sizes=\"auto, (max-width: 767px) 89vw, (max-width: 1000px) 54vw, (max-width: 1071px) 543px, 580px\" \/><figcaption>Merci \u00e0 Gilles de nous avoir fait partager son exp\u00e9rience pour la finition. <\/figcaption><\/figure>\n\n\n\n<figure class=\"wp-block-image\"><img loading=\"lazy\" decoding=\"async\" width=\"1000\" height=\"750\" src=\"http:\/\/lafermedelamotte.fr\/wp-content\/uploads\/2019\/02\/placo-3.jpg\" alt=\"\" class=\"wp-image-185\" srcset=\"http:\/\/lafermedelamotte.fr\/wp-content\/uploads\/2019\/02\/placo-3.jpg 1000w, http:\/\/lafermedelamotte.fr\/wp-content\/uploads\/2019\/02\/placo-3-300x225.jpg 300w, http:\/\/lafermedelamotte.fr\/wp-content\/uploads\/2019\/02\/placo-3-768x576.jpg 768w\" sizes=\"auto, (max-width: 767px) 89vw, (max-width: 1000px) 54vw, (max-width: 1071px) 543px, 580px\" \/><figcaption>Mon Dieu qu&rsquo;il est beau cet ouvrier. <\/figcaption><\/figure>\n\n\n\n<figure class=\"wp-block-image\"><img loading=\"lazy\" decoding=\"async\" width=\"1000\" height=\"750\" src=\"http:\/\/lafermedelamotte.fr\/wp-content\/uploads\/2019\/02\/placo-4.jpg\" alt=\"\" class=\"wp-image-186\" srcset=\"http:\/\/lafermedelamotte.fr\/wp-content\/uploads\/2019\/02\/placo-4.jpg 1000w, http:\/\/lafermedelamotte.fr\/wp-content\/uploads\/2019\/02\/placo-4-300x225.jpg 300w, http:\/\/lafermedelamotte.fr\/wp-content\/uploads\/2019\/02\/placo-4-768x576.jpg 768w\" sizes=\"auto, (max-width: 767px) 89vw, (max-width: 1000px) 54vw, (max-width: 1071px) 543px, 580px\" \/><figcaption>Pose du placo sur la baie, un beau challenge pour la fine \u00e9quipe. <\/figcaption><\/figure>\n\n\n\n<p>Maintenant il ne nous reste plus qu&rsquo;\u00e0 enduire le placo avec de l&rsquo;argile, mais nous vous en reparlerons plus tard! <\/p>\n","protected":false},"excerpt":{"rendered":"<p>Une maison \u00e9conomique et \u00e9cologique est une maison bien isol\u00e9e avec si possible des mat\u00e9riaux naturels et recyclables. Apr\u00e8s que les huisseries aient \u00e9t\u00e9 pos\u00e9es, ce qui est d\u00e9j\u00e0 un gros apport au niveau de l&rsquo;isolation, nous nous sommes donc pench\u00e9s sur ce que nous allions mettre et comment! Apr\u00e8s pas mal de temps pass\u00e9 &hellip; <\/p>\n<p class=\"link-more\"><a href=\"http:\/\/lafermedelamotte.fr\/index.php\/2019\/02\/24\/isolation-du-bas\/\" class=\"more-link\">Continuer la lecture<span class=\"screen-reader-text\"> de &laquo;&nbsp;Isolation du bas&nbsp;&raquo;<\/span><\/a><\/p>\n","protected":false},"author":3,"featured_media":0,"comment_status":"open","ping_status":"open","sticky":false,"template":"","format":"standard","meta":{"_jetpack_memberships_contains_paid_content":false,"footnotes":""},"categories":[2,1],"tags":[],"class_list":["post-174","post","type-post","status-publish","format-standard","hentry","category-maison","category-non-classe"],"jetpack_featured_media_url":"","jetpack_sharing_enabled":true,"_links":{"self":[{"href":"http:\/\/lafermedelamotte.fr\/index.php\/wp-json\/wp\/v2\/posts\/174","targetHints":{"allow":["GET"]}}],"collection":[{"href":"http:\/\/lafermedelamotte.fr\/index.php\/wp-json\/wp\/v2\/posts"}],"about":[{"href":"http:\/\/lafermedelamotte.fr\/index.php\/wp-json\/wp\/v2\/types\/post"}],"author":[{"embeddable":true,"href":"http:\/\/lafermedelamotte.fr\/index.php\/wp-json\/wp\/v2\/users\/3"}],"replies":[{"embeddable":true,"href":"http:\/\/lafermedelamotte.fr\/index.php\/wp-json\/wp\/v2\/comments?post=174"}],"version-history":[{"count":4,"href":"http:\/\/lafermedelamotte.fr\/index.php\/wp-json\/wp\/v2\/posts\/174\/revisions"}],"predecessor-version":[{"id":193,"href":"http:\/\/lafermedelamotte.fr\/index.php\/wp-json\/wp\/v2\/posts\/174\/revisions\/193"}],"wp:attachment":[{"href":"http:\/\/lafermedelamotte.fr\/index.php\/wp-json\/wp\/v2\/media?parent=174"}],"wp:term":[{"taxonomy":"category","embeddable":true,"href":"http:\/\/lafermedelamotte.fr\/index.php\/wp-json\/wp\/v2\/categories?post=174"},{"taxonomy":"post_tag","embeddable":true,"href":"http:\/\/lafermedelamotte.fr\/index.php\/wp-json\/wp\/v2\/tags?post=174"}],"curies":[{"name":"wp","href":"https:\/\/api.w.org\/{rel}","templated":true}]}}