{"id":196,"date":"2019-03-10T17:20:26","date_gmt":"2019-03-10T16:20:26","guid":{"rendered":"http:\/\/lafermedelamotte.fr\/?p=196"},"modified":"2019-07-27T09:01:44","modified_gmt":"2019-07-27T07:01:44","slug":"la-cuisine","status":"publish","type":"post","link":"http:\/\/lafermedelamotte.fr\/index.php\/2019\/03\/10\/la-cuisine\/","title":{"rendered":"La cuisine"},"content":{"rendered":"\n<p>La cuisine telle qu&rsquo;elle \u00e9tait quand nous sommes arriv\u00e9s \u00e9tait assez fonctionnelle. <\/p>\n\n\n\n<figure class=\"wp-block-image is-resized\"><img loading=\"lazy\" decoding=\"async\" src=\"http:\/\/lafermedelamotte.fr\/wp-content\/uploads\/2019\/03\/blog-cuisine.jpg\" alt=\"\" class=\"wp-image-197\" width=\"764\" height=\"573\" srcset=\"http:\/\/lafermedelamotte.fr\/wp-content\/uploads\/2019\/03\/blog-cuisine.jpg 1000w, http:\/\/lafermedelamotte.fr\/wp-content\/uploads\/2019\/03\/blog-cuisine-300x225.jpg 300w, http:\/\/lafermedelamotte.fr\/wp-content\/uploads\/2019\/03\/blog-cuisine-768x576.jpg 768w\" sizes=\"auto, (max-width: 706px) 89vw, (max-width: 767px) 82vw, 740px\" \/><\/figure>\n\n\n\n<p>Nous avons juste fait quelques am\u00e9nagements \u00ab\u00a0rapides\u00a0\u00bb pour que qu&rsquo;elle corresponde un peu plus \u00e0 nos besoins et pr\u00e9f\u00e9rences.<\/p>\n\n\n\n<p>1 &#8211;<strong> \u00c9claircir le bois par pon\u00e7age<\/strong><\/p>\n\n\n\n<figure class=\"wp-block-image is-resized\"><img loading=\"lazy\" decoding=\"async\" src=\"http:\/\/lafermedelamotte.fr\/wp-content\/uploads\/2019\/03\/blog-cuisine-1.jpg\" alt=\"\" class=\"wp-image-200\" width=\"360\" height=\"479\" srcset=\"http:\/\/lafermedelamotte.fr\/wp-content\/uploads\/2019\/03\/blog-cuisine-1.jpg 750w, http:\/\/lafermedelamotte.fr\/wp-content\/uploads\/2019\/03\/blog-cuisine-1-225x300.jpg 225w\" sizes=\"auto, (max-width: 360px) 100vw, 360px\" \/><figcaption>Pon\u00e7age des meubles de la cuisine<\/figcaption><\/figure>\n\n\n\n<p><strong>2 &#8211; D\u00e9monter le meuble du frigo<\/strong><\/p>\n\n\n\n<figure class=\"wp-block-image\"><img loading=\"lazy\" decoding=\"async\" width=\"1000\" height=\"750\" src=\"http:\/\/lafermedelamotte.fr\/wp-content\/uploads\/2019\/03\/blog-cuisine-2.jpg\" alt=\"\" class=\"wp-image-198\" srcset=\"http:\/\/lafermedelamotte.fr\/wp-content\/uploads\/2019\/03\/blog-cuisine-2.jpg 1000w, http:\/\/lafermedelamotte.fr\/wp-content\/uploads\/2019\/03\/blog-cuisine-2-300x225.jpg 300w, http:\/\/lafermedelamotte.fr\/wp-content\/uploads\/2019\/03\/blog-cuisine-2-768x576.jpg 768w\" sizes=\"auto, (max-width: 767px) 89vw, (max-width: 1000px) 54vw, (max-width: 1071px) 543px, 580px\" \/><figcaption>Nours, Taz et Yohann en pleine action&#8230; Merci les gars !!<\/figcaption><\/figure>\n\n\n\n<p><strong>3 &#8211; Mettre une \u00e9tag\u00e8re \u00e0 bocaux<\/strong><\/p>\n\n\n\n<figure class=\"wp-block-image is-resized\"><img loading=\"lazy\" decoding=\"async\" src=\"http:\/\/lafermedelamotte.fr\/wp-content\/uploads\/2019\/03\/blog-cuisine-5-1.jpg\" alt=\"\" class=\"wp-image-204\" width=\"339\" height=\"479\" srcset=\"http:\/\/lafermedelamotte.fr\/wp-content\/uploads\/2019\/03\/blog-cuisine-5-1.jpg 566w, http:\/\/lafermedelamotte.fr\/wp-content\/uploads\/2019\/03\/blog-cuisine-5-1-212x300.jpg 212w\" sizes=\"auto, (max-width: 339px) 100vw, 339px\" \/><figcaption>Pratique pour le vrac !<\/figcaption><\/figure>\n\n\n\n<p><strong>4 &#8211; Peindre un mur ardoise<\/strong><\/p>\n\n\n\n<figure class=\"wp-block-image is-resized\"><img loading=\"lazy\" decoding=\"async\" src=\"http:\/\/lafermedelamotte.fr\/wp-content\/uploads\/2019\/03\/blog-cuisine4.jpg\" alt=\"\" class=\"wp-image-201\" width=\"773\" height=\"580\" srcset=\"http:\/\/lafermedelamotte.fr\/wp-content\/uploads\/2019\/03\/blog-cuisine4.jpg 1000w, http:\/\/lafermedelamotte.fr\/wp-content\/uploads\/2019\/03\/blog-cuisine4-300x225.jpg 300w, http:\/\/lafermedelamotte.fr\/wp-content\/uploads\/2019\/03\/blog-cuisine4-768x576.jpg 768w\" sizes=\"auto, (max-width: 767px) 89vw, (max-width: 1000px) 54vw, (max-width: 1071px) 543px, 580px\" \/><figcaption>Admirez les talents de dessinateur de Yohann ! et les passages r\u00e9p\u00e9t\u00e9s de mains de Romane \ud83d\ude42<\/figcaption><\/figure>\n\n\n\n<p>Bilan : une cuisine un peu plus \u00e0 notre go\u00fbt sans trop de peine (\u00e0 part le pon\u00e7age qui m&rsquo;a pris un peu de temps).<\/p>\n\n\n\n<p><em><strong>Petite astuce plan de travail en carrelage<\/strong> : le plan de travail en carrelage ce n&rsquo;est franchement pas une belle invention. Toute la crasse s&rsquo;accumule entre les joints&#8230; J&rsquo;imaginais mettre un b\u00e9ton cir\u00e9, mais le prix, le c\u00f4t\u00e9 moyennement \u00e9colo et la difficult\u00e9 de pose pour avoir un beau rendu m&rsquo;ont vite refroidie. J&rsquo;ai donc eu l&rsquo;id\u00e9e de placer une vitre de 4mm d&rsquo;\u00e9paisseur sur mon plan de travail. Et c&rsquo;est top car en plus de r\u00e9duire mon temps de travail et ma facture, je peux en plus placer des recettes que j&rsquo;utilise souvent en dessous<\/em>.<\/p>\n\n\n\n<p>Et le petit plus de la cuisine : le lavabo de Romane !<\/p>\n\n\n\n<p><\/p>\n\n\n\n<figure class=\"wp-block-image\"><img loading=\"lazy\" decoding=\"async\" width=\"750\" height=\"1000\" src=\"http:\/\/lafermedelamotte.fr\/wp-content\/uploads\/2019\/03\/blog-cuisine-3.jpg\" alt=\"\" class=\"wp-image-199\" srcset=\"http:\/\/lafermedelamotte.fr\/wp-content\/uploads\/2019\/03\/blog-cuisine-3.jpg 750w, http:\/\/lafermedelamotte.fr\/wp-content\/uploads\/2019\/03\/blog-cuisine-3-225x300.jpg 225w\" sizes=\"auto, (max-width: 706px) 89vw, (max-width: 767px) 82vw, 740px\" \/><figcaption>Une chaise customis\u00e9e pour devenir un beau lavabo \u00e0 hauteur d&rsquo;enfant<\/figcaption><\/figure>\n","protected":false},"excerpt":{"rendered":"<p>La cuisine telle qu&rsquo;elle \u00e9tait quand nous sommes arriv\u00e9s \u00e9tait assez fonctionnelle. Nous avons juste fait quelques am\u00e9nagements \u00ab\u00a0rapides\u00a0\u00bb pour que qu&rsquo;elle corresponde un peu plus \u00e0 nos besoins et pr\u00e9f\u00e9rences. 1 &#8211; \u00c9claircir le bois par pon\u00e7age 2 &#8211; D\u00e9monter le meuble du frigo 3 &#8211; Mettre une \u00e9tag\u00e8re \u00e0 bocaux 4 &#8211; Peindre &hellip; <\/p>\n<p class=\"link-more\"><a href=\"http:\/\/lafermedelamotte.fr\/index.php\/2019\/03\/10\/la-cuisine\/\" class=\"more-link\">Continuer la lecture<span class=\"screen-reader-text\"> de &laquo;&nbsp;La cuisine&nbsp;&raquo;<\/span><\/a><\/p>\n","protected":false},"author":1,"featured_media":0,"comment_status":"open","ping_status":"open","sticky":false,"template":"","format":"standard","meta":{"_jetpack_memberships_contains_paid_content":false,"footnotes":""},"categories":[2,1],"tags":[],"class_list":["post-196","post","type-post","status-publish","format-standard","hentry","category-maison","category-non-classe"],"jetpack_featured_media_url":"","jetpack_sharing_enabled":true,"_links":{"self":[{"href":"http:\/\/lafermedelamotte.fr\/index.php\/wp-json\/wp\/v2\/posts\/196","targetHints":{"allow":["GET"]}}],"collection":[{"href":"http:\/\/lafermedelamotte.fr\/index.php\/wp-json\/wp\/v2\/posts"}],"about":[{"href":"http:\/\/lafermedelamotte.fr\/index.php\/wp-json\/wp\/v2\/types\/post"}],"author":[{"embeddable":true,"href":"http:\/\/lafermedelamotte.fr\/index.php\/wp-json\/wp\/v2\/users\/1"}],"replies":[{"embeddable":true,"href":"http:\/\/lafermedelamotte.fr\/index.php\/wp-json\/wp\/v2\/comments?post=196"}],"version-history":[{"count":3,"href":"http:\/\/lafermedelamotte.fr\/index.php\/wp-json\/wp\/v2\/posts\/196\/revisions"}],"predecessor-version":[{"id":208,"href":"http:\/\/lafermedelamotte.fr\/index.php\/wp-json\/wp\/v2\/posts\/196\/revisions\/208"}],"wp:attachment":[{"href":"http:\/\/lafermedelamotte.fr\/index.php\/wp-json\/wp\/v2\/media?parent=196"}],"wp:term":[{"taxonomy":"category","embeddable":true,"href":"http:\/\/lafermedelamotte.fr\/index.php\/wp-json\/wp\/v2\/categories?post=196"},{"taxonomy":"post_tag","embeddable":true,"href":"http:\/\/lafermedelamotte.fr\/index.php\/wp-json\/wp\/v2\/tags?post=196"}],"curies":[{"name":"wp","href":"https:\/\/api.w.org\/{rel}","templated":true}]}}