{"id":210,"date":"2019-03-24T12:00:42","date_gmt":"2019-03-24T11:00:42","guid":{"rendered":"http:\/\/lafermedelamotte.fr\/?p=210"},"modified":"2019-07-27T09:01:54","modified_gmt":"2019-07-27T07:01:54","slug":"renovation-de-la-couverture-et-installation-des-velux-et-des-fenetres-de-letage","status":"publish","type":"post","link":"http:\/\/lafermedelamotte.fr\/index.php\/2019\/03\/24\/renovation-de-la-couverture-et-installation-des-velux-et-des-fenetres-de-letage\/","title":{"rendered":"R\u00e9novation de la couverture et installation des Velux et des fen\u00eatres de l&rsquo;\u00e9tage"},"content":{"rendered":"\n<p>En ce d\u00e9but d&rsquo;ann\u00e9e l&rsquo;entreprise EDC  ( Esprit Durable Construction) , bas\u00e9e \u00e0 Lonrai, est venu pour installer 3 Velux c\u00f4t\u00e9 nord. L\u2019artisan qui faisait ce travail est rapidement venu nous informer que la plupart des ardoises \u00e9taient fragiles et poreuses. Elles se cassaient trop facilement. Il nous a alors conseill\u00e9 de changer toute la couverture sous peine d&rsquo;y revenir dans quelques ann\u00e9es seulement.  <\/p>\n\n\n\n<p>Etant donn\u00e9 qu&rsquo;il s&rsquo;agissait du 3e couvreur a nous dire cela, nous avons vite pris la d\u00e9cision, apr\u00e8s avoir demand\u00e9 un devis, de refaire cette couverture, en m\u00eame temps que la pose pr\u00e9vue de nos 7 Velux, et juste avant la mise en place de notre isolation \u00e0 l&rsquo;\u00e9tage, plut\u00f4t que de faire ces travaux dans l&rsquo;urgence dans peu de temps, et surtout avec l&rsquo;incertitude d&rsquo;\u00e9ventuels probl\u00e8mes de fuites impossible \u00e0 d\u00e9celer une fois les combes isol\u00e9es. <\/p>\n\n\n\n<p>Gr\u00e2ce \u00e0 l&rsquo;avance de Martine et Patrick, sans qui ce projet aurait \u00e9t\u00e9 tr\u00e8s compliqu\u00e9 \u00e0 financer tout de suite, nous avons donc sign\u00e9 le devis pour ce gros chantier qui a dur\u00e9 1 mois. <\/p>\n\n\n\n<figure class=\"wp-block-image\"><img loading=\"lazy\" decoding=\"async\" width=\"1000\" height=\"666\" src=\"http:\/\/lafermedelamotte.fr\/wp-content\/uploads\/2019\/03\/DSC_2559-1.jpg\" alt=\"\" class=\"wp-image-212\" srcset=\"http:\/\/lafermedelamotte.fr\/wp-content\/uploads\/2019\/03\/DSC_2559-1.jpg 1000w, http:\/\/lafermedelamotte.fr\/wp-content\/uploads\/2019\/03\/DSC_2559-1-300x200.jpg 300w, http:\/\/lafermedelamotte.fr\/wp-content\/uploads\/2019\/03\/DSC_2559-1-768x511.jpg 768w\" sizes=\"auto, (max-width: 767px) 89vw, (max-width: 1000px) 54vw, (max-width: 1071px) 543px, 580px\" \/><\/figure>\n\n\n\n<figure class=\"wp-block-image\"><img loading=\"lazy\" decoding=\"async\" width=\"1000\" height=\"666\" src=\"http:\/\/lafermedelamotte.fr\/wp-content\/uploads\/2019\/03\/DSC_2560.jpg\" alt=\"\" class=\"wp-image-214\" srcset=\"http:\/\/lafermedelamotte.fr\/wp-content\/uploads\/2019\/03\/DSC_2560.jpg 1000w, http:\/\/lafermedelamotte.fr\/wp-content\/uploads\/2019\/03\/DSC_2560-300x200.jpg 300w, http:\/\/lafermedelamotte.fr\/wp-content\/uploads\/2019\/03\/DSC_2560-768x511.jpg 768w\" sizes=\"auto, (max-width: 767px) 89vw, (max-width: 1000px) 54vw, (max-width: 1071px) 543px, 580px\" \/><figcaption>Mise \u00e0 nu du toit, on garde les pannes et les chevrons, en bon \u00e9tat. <\/figcaption><\/figure>\n\n\n\n<figure class=\"wp-block-image\"><img loading=\"lazy\" decoding=\"async\" width=\"1000\" height=\"562\" src=\"http:\/\/lafermedelamotte.fr\/wp-content\/uploads\/2019\/03\/20190129_121302.jpg\" alt=\"\" class=\"wp-image-215\" srcset=\"http:\/\/lafermedelamotte.fr\/wp-content\/uploads\/2019\/03\/20190129_121302.jpg 1000w, http:\/\/lafermedelamotte.fr\/wp-content\/uploads\/2019\/03\/20190129_121302-300x169.jpg 300w, http:\/\/lafermedelamotte.fr\/wp-content\/uploads\/2019\/03\/20190129_121302-768x432.jpg 768w\" sizes=\"auto, (max-width: 767px) 89vw, (max-width: 1000px) 54vw, (max-width: 1071px) 543px, 580px\" \/><figcaption>On commence par le nord, mise en place d&rsquo;un pare-pluie, les liteaux et les ardoises. Les Velux sont install\u00e9s au fur et \u00e0 mesure. <\/figcaption><\/figure>\n\n\n\n<figure class=\"wp-block-image\"><img loading=\"lazy\" decoding=\"async\" width=\"1000\" height=\"666\" src=\"http:\/\/lafermedelamotte.fr\/wp-content\/uploads\/2019\/03\/DSC_2557.jpg\" alt=\"\" class=\"wp-image-216\" srcset=\"http:\/\/lafermedelamotte.fr\/wp-content\/uploads\/2019\/03\/DSC_2557.jpg 1000w, http:\/\/lafermedelamotte.fr\/wp-content\/uploads\/2019\/03\/DSC_2557-300x200.jpg 300w, http:\/\/lafermedelamotte.fr\/wp-content\/uploads\/2019\/03\/DSC_2557-768x511.jpg 768w\" sizes=\"auto, (max-width: 767px) 89vw, (max-width: 1000px) 54vw, (max-width: 1071px) 543px, 580px\" \/><figcaption>Au tour du c\u00f4t\u00e9 sud. ( on voit bien que c&rsquo;est le sud il fait plus beau \ud83d\ude00 )  <br><em>Les fen\u00eatres du haut sont pos\u00e9es \u00e0 ce moment-l\u00e0.<\/em> <\/figcaption><\/figure>\n\n\n\n<figure class=\"wp-block-image\"><img loading=\"lazy\" decoding=\"async\" width=\"1000\" height=\"562\" src=\"http:\/\/lafermedelamotte.fr\/wp-content\/uploads\/2019\/03\/20190212_164929.jpg\" alt=\"\" class=\"wp-image-217\" srcset=\"http:\/\/lafermedelamotte.fr\/wp-content\/uploads\/2019\/03\/20190212_164929.jpg 1000w, http:\/\/lafermedelamotte.fr\/wp-content\/uploads\/2019\/03\/20190212_164929-300x169.jpg 300w, http:\/\/lafermedelamotte.fr\/wp-content\/uploads\/2019\/03\/20190212_164929-768x432.jpg 768w\" sizes=\"auto, (max-width: 767px) 89vw, (max-width: 1000px) 54vw, (max-width: 1071px) 543px, 580px\" \/><figcaption> <br><br><\/figcaption><\/figure>\n\n\n\n<figure class=\"wp-block-image\"><img loading=\"lazy\" decoding=\"async\" width=\"1000\" height=\"666\" src=\"http:\/\/lafermedelamotte.fr\/wp-content\/uploads\/2019\/03\/DSC_2562.jpg\" alt=\"\" class=\"wp-image-218\" srcset=\"http:\/\/lafermedelamotte.fr\/wp-content\/uploads\/2019\/03\/DSC_2562.jpg 1000w, http:\/\/lafermedelamotte.fr\/wp-content\/uploads\/2019\/03\/DSC_2562-300x200.jpg 300w, http:\/\/lafermedelamotte.fr\/wp-content\/uploads\/2019\/03\/DSC_2562-768x511.jpg 768w\" sizes=\"auto, (max-width: 767px) 89vw, (max-width: 1000px) 54vw, (max-width: 1071px) 543px, 580px\" \/><figcaption> <br><em>Le lattage et le contre-lattage sont\u00a0pos\u00e9s sur l&rsquo;\u00e9cran de sous-toiture ( pare-pluie) et d\u00e9fini un volume d\u2019air emprisonn\u00e9 sous la toiture, ce qui \u00e9vitera la condensation et les barrages de glace, tout en assurant la ventilation.<\/em><br><em>Constitu\u00e9 de liteaux,  le lattage de la toiture n\u00e9cessite un bon dimensionnement afin de pr\u00e9senter aux bords des ardoises\u00a0u<\/em>n support adapt\u00e9 <em>.  <\/em> ( source : Ooreka )<\/figcaption><\/figure>\n\n\n\n<figure class=\"wp-block-image\"><img loading=\"lazy\" decoding=\"async\" width=\"1000\" height=\"666\" src=\"http:\/\/lafermedelamotte.fr\/wp-content\/uploads\/2019\/03\/DSC_2565.jpg\" alt=\"\" class=\"wp-image-220\" srcset=\"http:\/\/lafermedelamotte.fr\/wp-content\/uploads\/2019\/03\/DSC_2565.jpg 1000w, http:\/\/lafermedelamotte.fr\/wp-content\/uploads\/2019\/03\/DSC_2565-300x200.jpg 300w, http:\/\/lafermedelamotte.fr\/wp-content\/uploads\/2019\/03\/DSC_2565-768x511.jpg 768w\" sizes=\"auto, (max-width: 767px) 89vw, (max-width: 1000px) 54vw, (max-width: 1071px) 543px, 580px\" \/><\/figure>\n\n\n\n<figure class=\"wp-block-image\"><img loading=\"lazy\" decoding=\"async\" width=\"1000\" height=\"562\" src=\"http:\/\/lafermedelamotte.fr\/wp-content\/uploads\/2019\/03\/20190218_101429.jpg\" alt=\"\" class=\"wp-image-219\" srcset=\"http:\/\/lafermedelamotte.fr\/wp-content\/uploads\/2019\/03\/20190218_101429.jpg 1000w, http:\/\/lafermedelamotte.fr\/wp-content\/uploads\/2019\/03\/20190218_101429-300x169.jpg 300w, http:\/\/lafermedelamotte.fr\/wp-content\/uploads\/2019\/03\/20190218_101429-768x432.jpg 768w\" sizes=\"auto, (max-width: 767px) 89vw, (max-width: 1000px) 54vw, (max-width: 1071px) 543px, 580px\" \/><figcaption>Les ardoises sont ensuite pos\u00e9es, sauf sur les espace r\u00e9serv\u00e9s aux Velux.  <\/figcaption><\/figure>\n\n\n\n<figure class=\"wp-block-image\"><img loading=\"lazy\" decoding=\"async\" width=\"1000\" height=\"562\" src=\"http:\/\/lafermedelamotte.fr\/wp-content\/uploads\/2019\/03\/20190220_175633.jpg\" alt=\"\" class=\"wp-image-221\" srcset=\"http:\/\/lafermedelamotte.fr\/wp-content\/uploads\/2019\/03\/20190220_175633.jpg 1000w, http:\/\/lafermedelamotte.fr\/wp-content\/uploads\/2019\/03\/20190220_175633-300x169.jpg 300w, http:\/\/lafermedelamotte.fr\/wp-content\/uploads\/2019\/03\/20190220_175633-768x432.jpg 768w\" sizes=\"auto, (max-width: 767px) 89vw, (max-width: 1000px) 54vw, (max-width: 1071px) 543px, 580px\" \/><figcaption>Les Velux sont install\u00e9s. <\/figcaption><\/figure>\n\n\n\n<figure class=\"wp-block-image\"><img loading=\"lazy\" decoding=\"async\" width=\"1000\" height=\"562\" src=\"http:\/\/lafermedelamotte.fr\/wp-content\/uploads\/2019\/03\/20190305_165309.jpg\" alt=\"\" class=\"wp-image-222\" srcset=\"http:\/\/lafermedelamotte.fr\/wp-content\/uploads\/2019\/03\/20190305_165309.jpg 1000w, http:\/\/lafermedelamotte.fr\/wp-content\/uploads\/2019\/03\/20190305_165309-300x169.jpg 300w, http:\/\/lafermedelamotte.fr\/wp-content\/uploads\/2019\/03\/20190305_165309-768x432.jpg 768w\" sizes=\"auto, (max-width: 767px) 89vw, (max-width: 1000px) 54vw, (max-width: 1071px) 543px, 580px\" \/><figcaption>Et voil\u00e0!! Une couverture toute neuve, on en a pour au moins 100 ans!<\/figcaption><\/figure>\n","protected":false},"excerpt":{"rendered":"<p>En ce d\u00e9but d&rsquo;ann\u00e9e l&rsquo;entreprise EDC ( Esprit Durable Construction) , bas\u00e9e \u00e0 Lonrai, est venu pour installer 3 Velux c\u00f4t\u00e9 nord. L\u2019artisan qui faisait ce travail est rapidement venu nous informer que la plupart des ardoises \u00e9taient fragiles et poreuses. Elles se cassaient trop facilement. Il nous a alors conseill\u00e9 de changer toute la &hellip; <\/p>\n<p class=\"link-more\"><a href=\"http:\/\/lafermedelamotte.fr\/index.php\/2019\/03\/24\/renovation-de-la-couverture-et-installation-des-velux-et-des-fenetres-de-letage\/\" class=\"more-link\">Continuer la lecture<span class=\"screen-reader-text\"> de &laquo;&nbsp;R\u00e9novation de la couverture et installation des Velux et des fen\u00eatres de l&rsquo;\u00e9tage&nbsp;&raquo;<\/span><\/a><\/p>\n","protected":false},"author":1,"featured_media":0,"comment_status":"open","ping_status":"open","sticky":false,"template":"","format":"standard","meta":{"_jetpack_memberships_contains_paid_content":false,"footnotes":""},"categories":[2,1],"tags":[],"class_list":["post-210","post","type-post","status-publish","format-standard","hentry","category-maison","category-non-classe"],"jetpack_featured_media_url":"","jetpack_sharing_enabled":true,"_links":{"self":[{"href":"http:\/\/lafermedelamotte.fr\/index.php\/wp-json\/wp\/v2\/posts\/210","targetHints":{"allow":["GET"]}}],"collection":[{"href":"http:\/\/lafermedelamotte.fr\/index.php\/wp-json\/wp\/v2\/posts"}],"about":[{"href":"http:\/\/lafermedelamotte.fr\/index.php\/wp-json\/wp\/v2\/types\/post"}],"author":[{"embeddable":true,"href":"http:\/\/lafermedelamotte.fr\/index.php\/wp-json\/wp\/v2\/users\/1"}],"replies":[{"embeddable":true,"href":"http:\/\/lafermedelamotte.fr\/index.php\/wp-json\/wp\/v2\/comments?post=210"}],"version-history":[{"count":2,"href":"http:\/\/lafermedelamotte.fr\/index.php\/wp-json\/wp\/v2\/posts\/210\/revisions"}],"predecessor-version":[{"id":225,"href":"http:\/\/lafermedelamotte.fr\/index.php\/wp-json\/wp\/v2\/posts\/210\/revisions\/225"}],"wp:attachment":[{"href":"http:\/\/lafermedelamotte.fr\/index.php\/wp-json\/wp\/v2\/media?parent=210"}],"wp:term":[{"taxonomy":"category","embeddable":true,"href":"http:\/\/lafermedelamotte.fr\/index.php\/wp-json\/wp\/v2\/categories?post=210"},{"taxonomy":"post_tag","embeddable":true,"href":"http:\/\/lafermedelamotte.fr\/index.php\/wp-json\/wp\/v2\/tags?post=210"}],"curies":[{"name":"wp","href":"https:\/\/api.w.org\/{rel}","templated":true}]}}