{"id":30,"date":"2017-07-14T17:13:05","date_gmt":"2017-07-14T15:13:05","guid":{"rendered":"http:\/\/lafermedelamotte.fr\/?p=30"},"modified":"2019-02-19T14:28:16","modified_gmt":"2019-02-19T13:28:16","slug":"recuperateur-deau","status":"publish","type":"post","link":"http:\/\/lafermedelamotte.fr\/index.php\/2017\/07\/14\/recuperateur-deau\/","title":{"rendered":"R\u00e9cup\u00e9rateur d\u2019eau"},"content":{"rendered":"<h1 class=\"title\"><\/h1>\n<div class=\"entry\">\n<p>La premi\u00e8re op\u00e9ration \u00e0 notre arriv\u00e9e dans la maison a \u00e9t\u00e9 d\u2019installer un r\u00e9cup\u00e9rateur d\u2019eau d\u00e9got\u00e9 sur le bon coin. En effet, Yohann en avait un peu marre d\u2019aller chercher l\u2019eau \u00e0 la rivi\u00e8re pour arroser les plantations (l\u2019ex propri\u00e9taire nous a gentiment autoris\u00e9s \u00e0 commencer notre jardin avant la vente, nous avons donc d\u00e9j\u00e0 pu profiter des premiers haricots et courgettes made in La motte !).<\/p>\n<p>Eric nous a aid\u00e9 \u00e0 construire une st\u00e8le en granite (rien que \u00e7a !) pour accueillir notre r\u00e9cup\u00e9rateur. Nous souhaitions le mettre en hauteur pour pouvoir arroser plus facilement le potager \u00e0 proximit\u00e9.<\/p>\n<p>Fran\u00e7ois nous a amen\u00e9 du mat\u00e9riel pour relier r\u00e9cup\u00e9rateur et goutti\u00e8re de la soue \u00e0 cochons.<\/p>\n<p>Et Taz nous a aid\u00e9 \u00e0 raccorder tout cela\u00a0<img decoding=\"async\" class=\"wp-smiley\" src=\"http:\/\/fermedelamotte.unblog.fr\/wp-includes\/images\/smilies\/icon_smile.gif\" alt=\":)\" \/><\/p>\n<p><a href=\"http:\/\/fermedelamotte.unblog.fr\/files\/2017\/07\/20170708_175808.jpg\" rel=\"lightbox[29]\"><img loading=\"lazy\" decoding=\"async\" class=\"alignnone size-medium wp-image-30\" src=\"http:\/\/fermedelamotte.unblog.fr\/files\/2017\/07\/20170708_175808-225x300.jpg\" alt=\"20170708_175808\" width=\"225\" height=\"300\" \/><\/a><\/p>\n<p>&nbsp;<\/p>\n<p><a href=\"http:\/\/fermedelamotte.unblog.fr\/files\/2017\/07\/20170708_182259.jpg\" rel=\"lightbox[29]\"><img loading=\"lazy\" decoding=\"async\" class=\"alignnone size-medium wp-image-31\" src=\"http:\/\/fermedelamotte.unblog.fr\/files\/2017\/07\/20170708_182259-225x300.jpg\" alt=\"20170708_182259\" width=\"225\" height=\"300\" \/><\/a><\/p>\n<p>&nbsp;<\/p>\n<p>Mais Eric s\u2019est dit qu\u2019un r\u00e9cup\u00e9rateur d\u2019eau reli\u00e9 \u00e0 une goutti\u00e8re de soue ce n\u2019\u00e9tait pas assez\u2026 Rien ne vaut une bonne quinzaine de seaux sous un toit en pente !<\/p>\n<p><a href=\"http:\/\/fermedelamotte.unblog.fr\/files\/2017\/07\/20170709_174208.jpg\" rel=\"lightbox[29]\"><img loading=\"lazy\" decoding=\"async\" class=\"alignnone size-medium wp-image-32\" src=\"http:\/\/fermedelamotte.unblog.fr\/files\/2017\/07\/20170709_174208-300x225.jpg\" alt=\"20170709_174208\" width=\"300\" height=\"225\" \/><\/a><\/p>\n<p>\u2026.Et le fait est que le lendemain, tous les seaux \u00e9taient remplis\u00a0<img decoding=\"async\" class=\"wp-smiley\" src=\"http:\/\/fermedelamotte.unblog.fr\/wp-includes\/images\/smilies\/icon_smile.gif\" alt=\":)\" \/><\/p>\n<\/div>\n","protected":false},"excerpt":{"rendered":"<p>La premi\u00e8re op\u00e9ration \u00e0 notre arriv\u00e9e dans la maison a \u00e9t\u00e9 d\u2019installer un r\u00e9cup\u00e9rateur d\u2019eau d\u00e9got\u00e9 sur le bon coin. En effet, Yohann en avait un peu marre d\u2019aller chercher l\u2019eau \u00e0 la rivi\u00e8re pour arroser les plantations (l\u2019ex propri\u00e9taire nous a gentiment autoris\u00e9s \u00e0 commencer notre jardin avant la vente, nous avons donc d\u00e9j\u00e0 &hellip; <\/p>\n<p class=\"link-more\"><a href=\"http:\/\/lafermedelamotte.fr\/index.php\/2017\/07\/14\/recuperateur-deau\/\" class=\"more-link\">Continuer la lecture<span class=\"screen-reader-text\"> de &laquo;&nbsp;R\u00e9cup\u00e9rateur d\u2019eau&nbsp;&raquo;<\/span><\/a><\/p>\n","protected":false},"author":1,"featured_media":0,"comment_status":"open","ping_status":"open","sticky":false,"template":"","format":"standard","meta":{"_jetpack_memberships_contains_paid_content":false,"footnotes":""},"categories":[3],"tags":[],"class_list":["post-30","post","type-post","status-publish","format-standard","hentry","category-jardin"],"jetpack_featured_media_url":"","jetpack_sharing_enabled":true,"_links":{"self":[{"href":"http:\/\/lafermedelamotte.fr\/index.php\/wp-json\/wp\/v2\/posts\/30","targetHints":{"allow":["GET"]}}],"collection":[{"href":"http:\/\/lafermedelamotte.fr\/index.php\/wp-json\/wp\/v2\/posts"}],"about":[{"href":"http:\/\/lafermedelamotte.fr\/index.php\/wp-json\/wp\/v2\/types\/post"}],"author":[{"embeddable":true,"href":"http:\/\/lafermedelamotte.fr\/index.php\/wp-json\/wp\/v2\/users\/1"}],"replies":[{"embeddable":true,"href":"http:\/\/lafermedelamotte.fr\/index.php\/wp-json\/wp\/v2\/comments?post=30"}],"version-history":[{"count":3,"href":"http:\/\/lafermedelamotte.fr\/index.php\/wp-json\/wp\/v2\/posts\/30\/revisions"}],"predecessor-version":[{"id":97,"href":"http:\/\/lafermedelamotte.fr\/index.php\/wp-json\/wp\/v2\/posts\/30\/revisions\/97"}],"wp:attachment":[{"href":"http:\/\/lafermedelamotte.fr\/index.php\/wp-json\/wp\/v2\/media?parent=30"}],"wp:term":[{"taxonomy":"category","embeddable":true,"href":"http:\/\/lafermedelamotte.fr\/index.php\/wp-json\/wp\/v2\/categories?post=30"},{"taxonomy":"post_tag","embeddable":true,"href":"http:\/\/lafermedelamotte.fr\/index.php\/wp-json\/wp\/v2\/tags?post=30"}],"curies":[{"name":"wp","href":"https:\/\/api.w.org\/{rel}","templated":true}]}}