{"id":34,"date":"2017-07-16T17:14:06","date_gmt":"2017-07-16T15:14:06","guid":{"rendered":"http:\/\/lafermedelamotte.fr\/?p=34"},"modified":"2019-02-19T14:29:01","modified_gmt":"2019-02-19T13:29:01","slug":"poulailler-16-juillet-2017","status":"publish","type":"post","link":"http:\/\/lafermedelamotte.fr\/index.php\/2017\/07\/16\/poulailler-16-juillet-2017\/","title":{"rendered":"Poulailler"},"content":{"rendered":"<h1 class=\"title\"><\/h1>\n<div class=\"entry\">\n<p>Les premiers animaux que nous allons accueillir \u00e0 la ferme sont des poules (original, n\u2019est-t-il pas ?).\u00a0Il fallait donc que nous pr\u00e9parions un abri correct, sachant que quelques renards ont \u00e9lu domicile dans le coin\u00a0<img decoding=\"async\" class=\"wp-smiley\" src=\"http:\/\/fermedelamotte.unblog.fr\/wp-includes\/images\/smilies\/icon_smile.gif\" alt=\":)\" \/><\/p>\n<p>Derri\u00e8re la maison, il y avait un ancien abri qui a d\u00fb servir de poulailler. On partait donc sur de bonnes bases mais un certain nombre de choses \u00e9taient \u00e0 revoir tout de m\u00eame\u2026: 60 % du grillage et l\u2019abri lui m\u00eame.<\/p>\n<p>Nous n\u2019avons malheureusement pas de photos du poulailler \u00ab\u00a0avant travaux\u00a0\u00bb. Mais nous avons quelques traces de nos activit\u00e9s\u2026<\/p>\n<p>&gt; mise en place d\u2019un nouveau grillage l\u00e0 o\u00f9 il n\u2019y en avait pas.<\/p>\n<p>&gt; doublage du grillage sur les parties sensibles<\/p>\n<p><a href=\"http:\/\/fermedelamotte.unblog.fr\/files\/2017\/07\/20170712_1058001.jpg\" rel=\"lightbox[36]\"><img loading=\"lazy\" decoding=\"async\" class=\"size-medium wp-image-38 alignleft\" src=\"http:\/\/fermedelamotte.unblog.fr\/files\/2017\/07\/20170712_1058001-300x225.jpg\" alt=\"20170712_105800\" width=\"300\" height=\"225\" \/><\/a><\/p>\n<p><a href=\"http:\/\/fermedelamotte.unblog.fr\/files\/2017\/07\/20170712_155511.jpg\" rel=\"lightbox[36]\"><img loading=\"lazy\" decoding=\"async\" class=\"alignnone size-medium wp-image-44\" src=\"http:\/\/fermedelamotte.unblog.fr\/files\/2017\/07\/20170712_155511-300x225.jpg\" alt=\"20170712_155511\" width=\"300\" height=\"225\" \/><\/a><\/p>\n<p>&gt; mise en place d\u2019une \u00e9tag\u00e8re trouv\u00e9e dans l\u2019atelier et qui servira de nichoir<\/p>\n<p><img loading=\"lazy\" decoding=\"async\" class=\"size-medium wp-image-40 aligncenter\" src=\"http:\/\/fermedelamotte.unblog.fr\/files\/2017\/07\/20170712_155555-225x300.jpg\" alt=\"20170712_155555\" width=\"225\" height=\"300\" \/><\/p>\n<p>&gt; nettoyage des lattes de bois qui serviront de perchoir (qu\u2019on ne me dise pas que je ne me prot\u00e8ge pas assez !\u00a0<img decoding=\"async\" class=\"wp-smiley\" src=\"http:\/\/fermedelamotte.unblog.fr\/wp-includes\/images\/smilies\/icon_smile.gif\" alt=\":)\" \/>\u00a0)<\/p>\n<p><a href=\"http:\/\/fermedelamotte.unblog.fr\/files\/2017\/07\/20170712_161724.jpg\" rel=\"lightbox[36]\"><img loading=\"lazy\" decoding=\"async\" class=\"size-medium wp-image-41 aligncenter\" src=\"http:\/\/fermedelamotte.unblog.fr\/files\/2017\/07\/20170712_161724-225x300.jpg\" alt=\"20170712_161724\" width=\"225\" height=\"300\" \/><\/a><\/p>\n<p>&gt; fabrication de beaux escaliers \u00e0 poules et nids douillets<\/p>\n<p><a href=\"http:\/\/fermedelamotte.unblog.fr\/files\/2017\/07\/20170713_172406.jpg\" rel=\"lightbox[36]\"><img loading=\"lazy\" decoding=\"async\" class=\"size-medium wp-image-42 aligncenter\" src=\"http:\/\/fermedelamotte.unblog.fr\/files\/2017\/07\/20170713_172406-300x225.jpg\" alt=\"20170713_172406\" width=\"300\" height=\"225\" \/><\/a><\/p>\n<p>&gt; mise en place de dalles (parties de clapiers \u00e0 lapins) pour \u00e9viter que le renard ne creuse sous le grillage\u00a0(merci Vincent pour le conseil !)<\/p>\n<p>&gt; mise en place de branches (que nous avions coup\u00e9es \u00a0quelques jours avant lors d\u2019un \u00ab\u00a0chantier ruine\u00a0\u00bb) pour remplir les trous au dessus de la fosse sceptique : nous pensions remplir de terre, mais actuellement la terre est tr\u00e8s dure ! Remplir de branchages et feuillages nous a paru adapt\u00e9 \u00e9tant donn\u00e9 que plein de petites b\u00eates vont certainement venir s\u2019y abriter (jusqu\u2019\u00e0 ce que les poules ne les trouvent !)\u2026 et en plus c\u2019est beaucoup moins fatiguant\u00a0<img decoding=\"async\" class=\"wp-smiley\" src=\"http:\/\/fermedelamotte.unblog.fr\/wp-includes\/images\/smilies\/icon_smile.gif\" alt=\":)\" \/><\/p>\n<p>&gt; fabrication d\u2019une magnifique porte en palette !<\/p>\n<p><a href=\"http:\/\/fermedelamotte.unblog.fr\/files\/2017\/07\/20170716_103357.jpg\" rel=\"lightbox[36]\"><img loading=\"lazy\" decoding=\"async\" class=\"size-medium wp-image-43 aligncenter\" src=\"http:\/\/fermedelamotte.unblog.fr\/files\/2017\/07\/20170716_103357-300x225.jpg\" alt=\"20170716_103357\" width=\"300\" height=\"225\" \/><\/a><\/p>\n<p>&nbsp;<\/p>\n<p>Et voil\u00e0 un poulailler (presque) fini ! Il nous reste quelques finitions \u00e0 r\u00e9aliser pour \u00eatre s\u00fbrs que le renard, la belette ou autre fouine ne s\u2019infiltre.<\/p>\n<p>Les premi\u00e8res poules devraient arriver rapidement\u2026 !<\/p>\n<p>&nbsp;<\/p>\n<\/div>\n","protected":false},"excerpt":{"rendered":"<p>Les premiers animaux que nous allons accueillir \u00e0 la ferme sont des poules (original, n\u2019est-t-il pas ?).\u00a0Il fallait donc que nous pr\u00e9parions un abri correct, sachant que quelques renards ont \u00e9lu domicile dans le coin\u00a0 Derri\u00e8re la maison, il y avait un ancien abri qui a d\u00fb servir de poulailler. On partait donc sur de &hellip; <\/p>\n<p class=\"link-more\"><a href=\"http:\/\/lafermedelamotte.fr\/index.php\/2017\/07\/16\/poulailler-16-juillet-2017\/\" class=\"more-link\">Continuer la lecture<span class=\"screen-reader-text\"> de &laquo;&nbsp;Poulailler&nbsp;&raquo;<\/span><\/a><\/p>\n","protected":false},"author":1,"featured_media":0,"comment_status":"open","ping_status":"open","sticky":false,"template":"","format":"standard","meta":{"_jetpack_memberships_contains_paid_content":false,"footnotes":""},"categories":[4],"tags":[],"class_list":["post-34","post","type-post","status-publish","format-standard","hentry","category-animaux"],"jetpack_featured_media_url":"","jetpack_sharing_enabled":true,"_links":{"self":[{"href":"http:\/\/lafermedelamotte.fr\/index.php\/wp-json\/wp\/v2\/posts\/34","targetHints":{"allow":["GET"]}}],"collection":[{"href":"http:\/\/lafermedelamotte.fr\/index.php\/wp-json\/wp\/v2\/posts"}],"about":[{"href":"http:\/\/lafermedelamotte.fr\/index.php\/wp-json\/wp\/v2\/types\/post"}],"author":[{"embeddable":true,"href":"http:\/\/lafermedelamotte.fr\/index.php\/wp-json\/wp\/v2\/users\/1"}],"replies":[{"embeddable":true,"href":"http:\/\/lafermedelamotte.fr\/index.php\/wp-json\/wp\/v2\/comments?post=34"}],"version-history":[{"count":2,"href":"http:\/\/lafermedelamotte.fr\/index.php\/wp-json\/wp\/v2\/posts\/34\/revisions"}],"predecessor-version":[{"id":98,"href":"http:\/\/lafermedelamotte.fr\/index.php\/wp-json\/wp\/v2\/posts\/34\/revisions\/98"}],"wp:attachment":[{"href":"http:\/\/lafermedelamotte.fr\/index.php\/wp-json\/wp\/v2\/media?parent=34"}],"wp:term":[{"taxonomy":"category","embeddable":true,"href":"http:\/\/lafermedelamotte.fr\/index.php\/wp-json\/wp\/v2\/categories?post=34"},{"taxonomy":"post_tag","embeddable":true,"href":"http:\/\/lafermedelamotte.fr\/index.php\/wp-json\/wp\/v2\/tags?post=34"}],"curies":[{"name":"wp","href":"https:\/\/api.w.org\/{rel}","templated":true}]}}