{"id":37,"date":"2017-07-18T17:16:02","date_gmt":"2017-07-18T15:16:02","guid":{"rendered":"http:\/\/lafermedelamotte.fr\/?p=37"},"modified":"2019-02-19T14:31:19","modified_gmt":"2019-02-19T13:31:19","slug":"les-ruines-18-juillet-2017","status":"publish","type":"post","link":"http:\/\/lafermedelamotte.fr\/index.php\/2017\/07\/18\/les-ruines-18-juillet-2017\/","title":{"rendered":"Les ruines"},"content":{"rendered":"<h1 class=\"title\"><\/h1>\n<div class=\"entry\">\n<p>Sur le terrain il y a 3 b\u00e2timents en ruine : un premier que nous appellerons \u00ab\u00a0grange\u00a0\u00bb, un second que nous nommerons \u00ab\u00a0annexe de la grange\u00a0\u00bb et un troisi\u00e8me que nous baptiserons \u00ab\u00a0maison du fond\u00a0\u00bb (avant de trouver des noms plus funkies !)<\/p>\n<p>Aujourd\u2019hui, petit article sur les avanc\u00e9es dans la grange et l\u2019annexe de la grange.<\/p>\n<p>Voici l\u2019\u00e9tat de la grange avant travaux :<\/p>\n<p><img loading=\"lazy\" decoding=\"async\" class=\"size-medium wp-image-75 aligncenter\" src=\"http:\/\/fermedelamotte.unblog.fr\/files\/2017\/07\/grange-300x168.jpg\" alt=\"grange\" width=\"300\" height=\"168\" \/><\/p>\n<p><em>\u00a0(image extraite d\u2019une vid\u00e9o\u2026 c\u2019est pas top mais \u00e7a donne une id\u00e9e)<\/em><\/p>\n<p>&nbsp;<\/p>\n<p>Et apr\u00e8s le chantier du 3 juillet :<\/p>\n<p><a href=\"http:\/\/fermedelamotte.unblog.fr\/files\/2017\/07\/grange-apres.jpg\" rel=\"lightbox[52]\"><img loading=\"lazy\" decoding=\"async\" class=\"size-medium wp-image-54 aligncenter\" src=\"http:\/\/fermedelamotte.unblog.fr\/files\/2017\/07\/grange-apres-300x225.jpg\" alt=\"grange apres\" width=\"300\" height=\"225\" \/><\/a><\/p>\n<p>Merci \u00e0 papa et Pascal pour leur aide !<\/p>\n<p>&nbsp;<\/p>\n<p>Voici maintenant l\u2019\u00e9tat de l\u2019annexe avant travaux :<\/p>\n<p><a href=\"http:\/\/fermedelamotte.unblog.fr\/files\/2017\/07\/annexe-avant.jpg\" rel=\"lightbox[52]\"><img loading=\"lazy\" decoding=\"async\" class=\"size-medium wp-image-64 aligncenter\" src=\"http:\/\/fermedelamotte.unblog.fr\/files\/2017\/07\/annexe-avant-225x300.jpg\" alt=\"annexe avant\" width=\"225\" height=\"300\" \/><\/a><\/p>\n<p>Et apr\u00e8s nos chantiers de la semaine derni\u00e8re :<\/p>\n<p>&nbsp;<\/p>\n<p><a href=\"http:\/\/fermedelamotte.unblog.fr\/files\/2017\/07\/annexe.jpg\" rel=\"lightbox[52]\"><img loading=\"lazy\" decoding=\"async\" class=\"size-medium wp-image-63 aligncenter\" src=\"http:\/\/fermedelamotte.unblog.fr\/files\/2017\/07\/annexe-225x300.jpg\" alt=\"annexe\" width=\"225\" height=\"300\" \/><\/a><\/p>\n<p>&nbsp;<\/p>\n<p>Bon si on est pessimiste on peut dire qu\u2019on a encore beaucoup de boulot\u2026 Mais je pr\u00e9f\u00e8re \u00eatre optimiste et dire qu\u2019on a bien avanc\u00e9 !!\u00a0<img decoding=\"async\" class=\"wp-smiley\" src=\"http:\/\/fermedelamotte.unblog.fr\/wp-includes\/images\/smilies\/icon_biggrin.gif\" alt=\":D\" \/><\/p>\n<p>&nbsp;<\/p>\n<p>En d\u00e9gageant les arbres dans l\u2019annexe voici ce que l\u2019on a trouv\u00e9 :<\/p>\n<p><strong>1<\/strong><\/p>\n<p><a href=\"http:\/\/fermedelamotte.unblog.fr\/files\/2017\/07\/appareil-trouve.jpg\" rel=\"lightbox[52]\"><img loading=\"lazy\" decoding=\"async\" class=\"size-medium wp-image-65 aligncenter\" src=\"http:\/\/fermedelamotte.unblog.fr\/files\/2017\/07\/appareil-trouve-225x300.jpg\" alt=\"appareil trouv\u00e9\" width=\"225\" height=\"300\" \/><\/a><\/p>\n<p>&gt;&gt;&gt;&gt; Quelqu\u2019un sait-il ce que c\u2019est ??<\/p>\n<p><strong>2<\/strong><\/p>\n<p><a href=\"http:\/\/fermedelamotte.unblog.fr\/files\/2017\/07\/evier.jpg\" rel=\"lightbox[52]\"><img loading=\"lazy\" decoding=\"async\" class=\"size-medium wp-image-66 aligncenter\" src=\"http:\/\/fermedelamotte.unblog.fr\/files\/2017\/07\/evier-225x300.jpg\" alt=\"evier\" width=\"225\" height=\"300\" \/><\/a><\/p>\n<p>&nbsp;<\/p>\n<p>&gt;&gt;&gt;&gt;&gt; Et oui un \u00e9vier ! \u00a0A l\u2019heure o\u00f9 je vous \u00e9cris il est toujours en terre. Celle-ci est tellement compacte que c\u2019est vraiment dur \u00e0 d\u00e9gager.<\/p>\n<p><strong>3<\/strong><\/p>\n<p><a href=\"http:\/\/fermedelamotte.unblog.fr\/files\/2017\/07\/mangeoir.jpg\" rel=\"lightbox[52]\"><img loading=\"lazy\" decoding=\"async\" class=\"size-medium wp-image-67 aligncenter\" src=\"http:\/\/fermedelamotte.unblog.fr\/files\/2017\/07\/mangeoir-300x225.jpg\" alt=\"mangeoir\" width=\"300\" height=\"225\" \/><\/a><\/p>\n<p>&gt;&gt;&gt;&gt; une mangeoire\u2026 Nous envisageons donc de voir comme admissible la supposition faisant que l\u2019hypoth\u00e8se la plus probable serait que peut-\u00eatre cette pi\u00e8ce devait certainement \u00eatre une \u00e9table. Mais nous ne pr\u00e9f\u00e9rons pas nous avancer.<\/p>\n<\/div>\n","protected":false},"excerpt":{"rendered":"<p>Sur le terrain il y a 3 b\u00e2timents en ruine : un premier que nous appellerons \u00ab\u00a0grange\u00a0\u00bb, un second que nous nommerons \u00ab\u00a0annexe de la grange\u00a0\u00bb et un troisi\u00e8me que nous baptiserons \u00ab\u00a0maison du fond\u00a0\u00bb (avant de trouver des noms plus funkies !) Aujourd\u2019hui, petit article sur les avanc\u00e9es dans la grange et l\u2019annexe de &hellip; <\/p>\n<p class=\"link-more\"><a href=\"http:\/\/lafermedelamotte.fr\/index.php\/2017\/07\/18\/les-ruines-18-juillet-2017\/\" class=\"more-link\">Continuer la lecture<span class=\"screen-reader-text\"> de &laquo;&nbsp;Les ruines&nbsp;&raquo;<\/span><\/a><\/p>\n","protected":false},"author":1,"featured_media":0,"comment_status":"open","ping_status":"open","sticky":false,"template":"","format":"standard","meta":{"_jetpack_memberships_contains_paid_content":false,"footnotes":""},"categories":[8],"tags":[],"class_list":["post-37","post","type-post","status-publish","format-standard","hentry","category-batiments-annexes"],"jetpack_featured_media_url":"","jetpack_sharing_enabled":true,"_links":{"self":[{"href":"http:\/\/lafermedelamotte.fr\/index.php\/wp-json\/wp\/v2\/posts\/37","targetHints":{"allow":["GET"]}}],"collection":[{"href":"http:\/\/lafermedelamotte.fr\/index.php\/wp-json\/wp\/v2\/posts"}],"about":[{"href":"http:\/\/lafermedelamotte.fr\/index.php\/wp-json\/wp\/v2\/types\/post"}],"author":[{"embeddable":true,"href":"http:\/\/lafermedelamotte.fr\/index.php\/wp-json\/wp\/v2\/users\/1"}],"replies":[{"embeddable":true,"href":"http:\/\/lafermedelamotte.fr\/index.php\/wp-json\/wp\/v2\/comments?post=37"}],"version-history":[{"count":2,"href":"http:\/\/lafermedelamotte.fr\/index.php\/wp-json\/wp\/v2\/posts\/37\/revisions"}],"predecessor-version":[{"id":100,"href":"http:\/\/lafermedelamotte.fr\/index.php\/wp-json\/wp\/v2\/posts\/37\/revisions\/100"}],"wp:attachment":[{"href":"http:\/\/lafermedelamotte.fr\/index.php\/wp-json\/wp\/v2\/media?parent=37"}],"wp:term":[{"taxonomy":"category","embeddable":true,"href":"http:\/\/lafermedelamotte.fr\/index.php\/wp-json\/wp\/v2\/categories?post=37"},{"taxonomy":"post_tag","embeddable":true,"href":"http:\/\/lafermedelamotte.fr\/index.php\/wp-json\/wp\/v2\/tags?post=37"}],"curies":[{"name":"wp","href":"https:\/\/api.w.org\/{rel}","templated":true}]}}