{"id":39,"date":"2017-07-20T17:16:44","date_gmt":"2017-07-20T15:16:44","guid":{"rendered":"http:\/\/lafermedelamotte.fr\/?p=39"},"modified":"2019-02-19T14:44:59","modified_gmt":"2019-02-19T13:44:59","slug":"bienvenue-aux-poules-20-juillet-2017","status":"publish","type":"post","link":"http:\/\/lafermedelamotte.fr\/index.php\/2017\/07\/20\/bienvenue-aux-poules-20-juillet-2017\/","title":{"rendered":"Bienvenue aux poules!"},"content":{"rendered":"<h1 class=\"title\"><\/h1>\n<div class=\"entry\">\n<p>Ca y est! Ce matin nous avons accueilli deux nouvelles arrivantes \u00e0 la Motte. Deux belles poules pr\u00eates \u00e0 pondre.<\/p>\n<p><a href=\"http:\/\/fermedelamotte.unblog.fr\/files\/2017\/07\/20170720_114504.jpg\" rel=\"lightbox[78]\"><img loading=\"lazy\" decoding=\"async\" class=\"alignnone size-medium wp-image-79\" src=\"http:\/\/fermedelamotte.unblog.fr\/files\/2017\/07\/20170720_114504-225x300.jpg\" alt=\"20170720_114504\" width=\"225\" height=\"300\" \/><\/a><\/p>\n<p>Pas tr\u00e8s \u00e0 l\u2019aise le temps de prendre leurs marques dans leur nouvel environnement.<\/p>\n<p>Marianne en a profit\u00e9 ce matin pour leur faire une petite mangeoire anti-gaspillage. La poule est oblig\u00e9e de mettre la t\u00eate dans le trou pour manger et ne renverse pas de nourriture par terre.<\/p>\n<p><a href=\"http:\/\/fermedelamotte.unblog.fr\/files\/2017\/07\/20170720_185450.jpg\" rel=\"lightbox[78]\"><img loading=\"lazy\" decoding=\"async\" class=\"alignnone size-medium wp-image-80\" src=\"http:\/\/fermedelamotte.unblog.fr\/files\/2017\/07\/20170720_185450-225x300.jpg\" alt=\"20170720_185450\" width=\"225\" height=\"300\" \/><\/a><\/p>\n<p>&nbsp;<\/p>\n<p>La poule noire \u00e0 vite compris comment s\u2019y prendre.<\/p>\n<p>&nbsp;<\/p>\n<p>&nbsp;<\/p>\n<p>&nbsp;<\/p>\n<p><a href=\"http:\/\/fermedelamotte.unblog.fr\/files\/2017\/07\/20170720_185934.jpg\" rel=\"lightbox[78]\"><img loading=\"lazy\" decoding=\"async\" class=\"alignnone size-medium wp-image-81\" src=\"http:\/\/fermedelamotte.unblog.fr\/files\/2017\/07\/20170720_185934-300x225.jpg\" alt=\"20170720_185934\" width=\"300\" height=\"225\" \/><\/a><\/p>\n<p>En fin de journ\u00e9e nos nouvelles amies sont d\u00e9j\u00e0 un peu plus \u00e0 l\u2019aise.<\/p>\n<p>Il n\u2019y a plus qu\u2019\u00e0 attendre les premiers \u0153ufs frais et \u00eatre bien attentif que le goupil ne tra\u00eene pas dans le coin. \u00a0:p<\/p>\n<p>&nbsp;<\/p>\n<\/div>\n","protected":false},"excerpt":{"rendered":"<p>Ca y est! Ce matin nous avons accueilli deux nouvelles arrivantes \u00e0 la Motte. Deux belles poules pr\u00eates \u00e0 pondre. Pas tr\u00e8s \u00e0 l\u2019aise le temps de prendre leurs marques dans leur nouvel environnement. Marianne en a profit\u00e9 ce matin pour leur faire une petite mangeoire anti-gaspillage. La poule est oblig\u00e9e de mettre la t\u00eate &hellip; <\/p>\n<p class=\"link-more\"><a href=\"http:\/\/lafermedelamotte.fr\/index.php\/2017\/07\/20\/bienvenue-aux-poules-20-juillet-2017\/\" class=\"more-link\">Continuer la lecture<span class=\"screen-reader-text\"> de &laquo;&nbsp;Bienvenue aux poules!&nbsp;&raquo;<\/span><\/a><\/p>\n","protected":false},"author":1,"featured_media":0,"comment_status":"open","ping_status":"open","sticky":false,"template":"","format":"standard","meta":{"_jetpack_memberships_contains_paid_content":false,"footnotes":""},"categories":[4],"tags":[],"class_list":["post-39","post","type-post","status-publish","format-standard","hentry","category-animaux"],"jetpack_featured_media_url":"","jetpack_sharing_enabled":true,"_links":{"self":[{"href":"http:\/\/lafermedelamotte.fr\/index.php\/wp-json\/wp\/v2\/posts\/39","targetHints":{"allow":["GET"]}}],"collection":[{"href":"http:\/\/lafermedelamotte.fr\/index.php\/wp-json\/wp\/v2\/posts"}],"about":[{"href":"http:\/\/lafermedelamotte.fr\/index.php\/wp-json\/wp\/v2\/types\/post"}],"author":[{"embeddable":true,"href":"http:\/\/lafermedelamotte.fr\/index.php\/wp-json\/wp\/v2\/users\/1"}],"replies":[{"embeddable":true,"href":"http:\/\/lafermedelamotte.fr\/index.php\/wp-json\/wp\/v2\/comments?post=39"}],"version-history":[{"count":2,"href":"http:\/\/lafermedelamotte.fr\/index.php\/wp-json\/wp\/v2\/posts\/39\/revisions"}],"predecessor-version":[{"id":106,"href":"http:\/\/lafermedelamotte.fr\/index.php\/wp-json\/wp\/v2\/posts\/39\/revisions\/106"}],"wp:attachment":[{"href":"http:\/\/lafermedelamotte.fr\/index.php\/wp-json\/wp\/v2\/media?parent=39"}],"wp:term":[{"taxonomy":"category","embeddable":true,"href":"http:\/\/lafermedelamotte.fr\/index.php\/wp-json\/wp\/v2\/categories?post=39"},{"taxonomy":"post_tag","embeddable":true,"href":"http:\/\/lafermedelamotte.fr\/index.php\/wp-json\/wp\/v2\/tags?post=39"}],"curies":[{"name":"wp","href":"https:\/\/api.w.org\/{rel}","templated":true}]}}