{"id":42,"date":"2017-07-24T17:17:31","date_gmt":"2017-07-24T15:17:31","guid":{"rendered":"http:\/\/lafermedelamotte.fr\/?p=42"},"modified":"2019-02-19T14:44:28","modified_gmt":"2019-02-19T13:44:28","slug":"arbres-des-ruines-24-juillet-2017","status":"publish","type":"post","link":"http:\/\/lafermedelamotte.fr\/index.php\/2017\/07\/24\/arbres-des-ruines-24-juillet-2017\/","title":{"rendered":"Arbres des ruines"},"content":{"rendered":"<h1 class=\"title\"><\/h1>\n<div class=\"entry\">\n<p>Dans les ruines de la grange et de la petite \u00e9table (appelons-la comme cela puisque c\u2019\u00e9tait une \u00e9table), poussaient des arbres. Nous les avons coup\u00e9s, d\u00e9bit\u00e9s; et nous avons stock\u00e9 jusqu\u2019aux plus petites branches. Un sacr\u00e9 travail !<\/p>\n<p>Et voil\u00e0 une bonne r\u00e9serve de bois pour l\u2019hiver (et encore il n\u2019y a sur la photo que le bois vert : nous avons aussi pu mettre de c\u00f4t\u00e9 un sacr\u00e9 stock de bois mort) :<\/p>\n<p><a href=\"http:\/\/fermedelamotte.unblog.fr\/files\/2017\/07\/bois.jpg\" rel=\"lightbox[84]\"><img loading=\"lazy\" decoding=\"async\" class=\"size-medium wp-image-87 aligncenter\" src=\"http:\/\/fermedelamotte.unblog.fr\/files\/2017\/07\/bois-300x225.jpg\" alt=\"bois\" width=\"300\" height=\"225\" \/><\/a><\/p>\n<p>&nbsp;<\/p>\n<p>Maman et Eric sont venus nous aider lors d\u2019un des derniers chantiers. merci \u00e0 eux !<\/p>\n<p>&nbsp;<\/p>\n<p><a href=\"http:\/\/fermedelamotte.unblog.fr\/files\/2017\/07\/maman-elague.jpg\" rel=\"lightbox[84]\"><img loading=\"lazy\" decoding=\"async\" class=\"size-medium wp-image-85 aligncenter\" src=\"http:\/\/fermedelamotte.unblog.fr\/files\/2017\/07\/maman-elague-225x300.jpg\" alt=\"maman \u00e9lague\" width=\"225\" height=\"300\" \/><\/a><\/p>\n<p><em>Maman ma\u00eetrise le coupe coupe !<\/em><\/p>\n<p><a href=\"http:\/\/fermedelamotte.unblog.fr\/files\/2017\/07\/eric-yohann.jpg\" rel=\"lightbox[84]\"><img loading=\"lazy\" decoding=\"async\" class=\"size-medium wp-image-86 aligncenter\" src=\"http:\/\/fermedelamotte.unblog.fr\/files\/2017\/07\/eric-yohann-225x300.jpg\" alt=\"eric yohann\" width=\"225\" height=\"300\" \/><\/a><\/p>\n<p><em>D\u00e9placement de tonneau pour acc\u00e9der aux arbres du fond.<\/em><\/p>\n<p>&nbsp;<\/p>\n<p>Voici donc l\u2019\u00e9tat de la grange en ce 24 juillet :<\/p>\n<p><a href=\"http:\/\/fermedelamotte.unblog.fr\/files\/2017\/07\/grange-24-juillet.jpg\" rel=\"lightbox[84]\"><img loading=\"lazy\" decoding=\"async\" class=\"size-medium wp-image-88 aligncenter\" src=\"http:\/\/fermedelamotte.unblog.fr\/files\/2017\/07\/grange-24-juillet-300x225.jpg\" alt=\"grange 24 juillet\" width=\"300\" height=\"225\" \/><\/a><\/p>\n<p>&nbsp;<\/p>\n<p>&nbsp;<\/p>\n<\/div>\n","protected":false},"excerpt":{"rendered":"<p>Dans les ruines de la grange et de la petite \u00e9table (appelons-la comme cela puisque c\u2019\u00e9tait une \u00e9table), poussaient des arbres. Nous les avons coup\u00e9s, d\u00e9bit\u00e9s; et nous avons stock\u00e9 jusqu\u2019aux plus petites branches. Un sacr\u00e9 travail ! Et voil\u00e0 une bonne r\u00e9serve de bois pour l\u2019hiver (et encore il n\u2019y a sur la photo &hellip; <\/p>\n<p class=\"link-more\"><a href=\"http:\/\/lafermedelamotte.fr\/index.php\/2017\/07\/24\/arbres-des-ruines-24-juillet-2017\/\" class=\"more-link\">Continuer la lecture<span class=\"screen-reader-text\"> de &laquo;&nbsp;Arbres des ruines&nbsp;&raquo;<\/span><\/a><\/p>\n","protected":false},"author":1,"featured_media":0,"comment_status":"open","ping_status":"open","sticky":false,"template":"","format":"standard","meta":{"_jetpack_memberships_contains_paid_content":false,"footnotes":""},"categories":[8],"tags":[],"class_list":["post-42","post","type-post","status-publish","format-standard","hentry","category-batiments-annexes"],"jetpack_featured_media_url":"","jetpack_sharing_enabled":true,"_links":{"self":[{"href":"http:\/\/lafermedelamotte.fr\/index.php\/wp-json\/wp\/v2\/posts\/42","targetHints":{"allow":["GET"]}}],"collection":[{"href":"http:\/\/lafermedelamotte.fr\/index.php\/wp-json\/wp\/v2\/posts"}],"about":[{"href":"http:\/\/lafermedelamotte.fr\/index.php\/wp-json\/wp\/v2\/types\/post"}],"author":[{"embeddable":true,"href":"http:\/\/lafermedelamotte.fr\/index.php\/wp-json\/wp\/v2\/users\/1"}],"replies":[{"embeddable":true,"href":"http:\/\/lafermedelamotte.fr\/index.php\/wp-json\/wp\/v2\/comments?post=42"}],"version-history":[{"count":2,"href":"http:\/\/lafermedelamotte.fr\/index.php\/wp-json\/wp\/v2\/posts\/42\/revisions"}],"predecessor-version":[{"id":105,"href":"http:\/\/lafermedelamotte.fr\/index.php\/wp-json\/wp\/v2\/posts\/42\/revisions\/105"}],"wp:attachment":[{"href":"http:\/\/lafermedelamotte.fr\/index.php\/wp-json\/wp\/v2\/media?parent=42"}],"wp:term":[{"taxonomy":"category","embeddable":true,"href":"http:\/\/lafermedelamotte.fr\/index.php\/wp-json\/wp\/v2\/categories?post=42"},{"taxonomy":"post_tag","embeddable":true,"href":"http:\/\/lafermedelamotte.fr\/index.php\/wp-json\/wp\/v2\/tags?post=42"}],"curies":[{"name":"wp","href":"https:\/\/api.w.org\/{rel}","templated":true}]}}