{"id":45,"date":"2017-07-29T17:18:23","date_gmt":"2017-07-29T15:18:23","guid":{"rendered":"http:\/\/lafermedelamotte.fr\/?p=45"},"modified":"2019-02-19T14:43:14","modified_gmt":"2019-02-19T13:43:14","slug":"piqueti-piquetage-31-juillet-2017","status":"publish","type":"post","link":"http:\/\/lafermedelamotte.fr\/index.php\/2017\/07\/29\/piqueti-piquetage-31-juillet-2017\/","title":{"rendered":"Piqueti-piquetage"},"content":{"rendered":"<h1 class=\"title\">31<\/h1>\n<div class=\"entry\">\n<p>Un des grands chantiers du moment, c\u2019est la pr\u00e9paration des murs avant la mise en place des travaux d\u2019isolation par l\u2019int\u00e9rieur de la maison.<\/p>\n<p>&nbsp;<\/p>\n<p>Nous savions au moment de l\u2019achat que tous les murs du 1er \u00e9tage et une partie des murs de la cave \u00e9taient enduit de ciment. Et plus tard lors de l\u2019am\u00e9nagement nous avons d\u00e9couvert que finalement toutes les parties de tous les murs en pierres en \u00e9tait recouvert.<\/p>\n<p>&nbsp;<\/p>\n<p>Or le ciment et la pierre ne font pas bon m\u00e9nage. Pour les murs ext\u00e9rieurs comme pour les murs int\u00e9rieurs. Le ciment \u00e9tant en partie hydrofuge l\u2019humidit\u00e9 reste coinc\u00e9e et s\u2019\u00e9coule comme elle peut, cela peut cr\u00e9er des remont\u00e9es capillaires, et \u00e0 terme la d\u00e9gradation des pierres et du mur.<\/p>\n<p>&nbsp;<\/p>\n<p>Pour plus d\u00a0\u00bbexplication :\u00a0<a title=\"cliquez ici!\" href=\"http:\/\/www.tiez-breiz.org\/enduits.php\">http:\/\/www.tiez-breiz.org\/enduits.php<\/a><\/p>\n<p>L\u2019id\u00e9e est donc de piqueter un maximum de ciment sur les murs ( sachant que certains endroits comme la cuisine ou la salle de bain sont pour l\u2019instant inaccessibles) pour le remplacer par un enduit qui fasse \u00ab\u00a0respirer\u00a0\u00bb les pierres, \u00e0 savoir un enduit chaux+sable.<\/p>\n<p><img loading=\"lazy\" decoding=\"async\" class=\"alignnone size-medium wp-image-91\" src=\"http:\/\/fermedelamotte.unblog.fr\/files\/2017\/07\/20170724_133402-300x225.jpg\" alt=\"20170724_133402\" width=\"300\" height=\"225\" \/><\/p>\n<p><em>Avant travaux dans le futur salon. Nous sommes sur le pignon ouest de la maison. \u00a0On constate la pr\u00e9sence\u00a0importante d\u2019humidit\u00e9 en haut \u00e0 gauche.\u00a0<\/em><\/p>\n<p><a href=\"http:\/\/fermedelamotte.unblog.fr\/files\/2017\/07\/20170724_145523.jpg\" rel=\"lightbox[90]\"><img loading=\"lazy\" decoding=\"async\" class=\"alignnone size-medium wp-image-92\" src=\"http:\/\/fermedelamotte.unblog.fr\/files\/2017\/07\/20170724_145523-300x225.jpg\" alt=\"20170724_145523\" width=\"300\" height=\"225\" \/><\/a><\/p>\n<p><em>On enl\u00e8ve le pl\u00e2tre + laine de verre pour d\u00e9couvrir l\u2019enduit ciment.\u00a0<\/em><\/p>\n<p><a href=\"http:\/\/fermedelamotte.unblog.fr\/files\/2017\/07\/20170729_150130.jpg\" rel=\"lightbox[90]\"><img loading=\"lazy\" decoding=\"async\" class=\"alignnone size-medium wp-image-93\" src=\"http:\/\/fermedelamotte.unblog.fr\/files\/2017\/07\/20170729_150130-300x225.jpg\" alt=\"20170729_150130\" width=\"300\" height=\"225\" \/><\/a><\/p>\n<p>&nbsp;<\/p>\n<p><em>Partie de gauche , piquetage au moyen d\u2019un marteau burineur \u00e9lectrique\u00a0pr\u00eat\u00e9 par Fran\u00e7ois. Merci \u00e0 lui!<\/em><\/p>\n<p>&nbsp;<\/p>\n<p>Sur cette partie de gauche on d\u00e9couvre une poutre apparente (en haut) qui servait probablement de linteau \u00e0 une \u00a0ancienne porte qui a \u00e9t\u00e9 depuis bouch\u00e9e avec des pierres cel\u00e9es malheureusement au ciment. La poutre garde les stigmates d\u2019une importante humidit\u00e9. Impossible de r\u00e9cup\u00e9rer cette partie.<\/p>\n<p>Au contraire on voit bien \u00e0 gauche que les pierres sont hourdies \u00e0 la terre, technique originale lors de la construction de la maison en 1856. On y arrive assez vite apr\u00e8s environ 20 25 mm de ciment. La partie tout \u00e0 droite est tr\u00e8s fragile et compos\u00e9e de briques, donc on la fera doucement au petit burin \u00e0 la fin.<\/p>\n<p><a href=\"http:\/\/fermedelamotte.unblog.fr\/files\/2017\/07\/20170730_180501.jpg\" rel=\"lightbox[90]\"><img loading=\"lazy\" decoding=\"async\" class=\"alignnone size-medium wp-image-95\" src=\"http:\/\/fermedelamotte.unblog.fr\/files\/2017\/07\/20170730_180501-300x225.jpg\" alt=\"20170730_180501\" width=\"300\" height=\"225\" \/><\/a><\/p>\n<p><em>Partie de droite pignon ouest et d\u00e9but de la partie nord de la maison.\u00a0<\/em><\/p>\n<p>Encore beaucoup de travail pour tout enlever. Ensuite la partie qui sera s\u00fbrement plus agr\u00e9able : la mise en place de l\u2019enduit \u00e0 base de chaux, mais tout cela dans un prochain \u00e9pisode!<\/p>\n<p>&nbsp;<\/p>\n<\/div>\n","protected":false},"excerpt":{"rendered":"<p>31 Un des grands chantiers du moment, c\u2019est la pr\u00e9paration des murs avant la mise en place des travaux d\u2019isolation par l\u2019int\u00e9rieur de la maison. &nbsp; Nous savions au moment de l\u2019achat que tous les murs du 1er \u00e9tage et une partie des murs de la cave \u00e9taient enduit de ciment. Et plus tard lors &hellip; <\/p>\n<p class=\"link-more\"><a href=\"http:\/\/lafermedelamotte.fr\/index.php\/2017\/07\/29\/piqueti-piquetage-31-juillet-2017\/\" class=\"more-link\">Continuer la lecture<span class=\"screen-reader-text\"> de &laquo;&nbsp;Piqueti-piquetage&nbsp;&raquo;<\/span><\/a><\/p>\n","protected":false},"author":1,"featured_media":0,"comment_status":"open","ping_status":"open","sticky":false,"template":"","format":"standard","meta":{"_jetpack_memberships_contains_paid_content":false,"footnotes":""},"categories":[2],"tags":[],"class_list":["post-45","post","type-post","status-publish","format-standard","hentry","category-maison"],"jetpack_featured_media_url":"","jetpack_sharing_enabled":true,"_links":{"self":[{"href":"http:\/\/lafermedelamotte.fr\/index.php\/wp-json\/wp\/v2\/posts\/45","targetHints":{"allow":["GET"]}}],"collection":[{"href":"http:\/\/lafermedelamotte.fr\/index.php\/wp-json\/wp\/v2\/posts"}],"about":[{"href":"http:\/\/lafermedelamotte.fr\/index.php\/wp-json\/wp\/v2\/types\/post"}],"author":[{"embeddable":true,"href":"http:\/\/lafermedelamotte.fr\/index.php\/wp-json\/wp\/v2\/users\/1"}],"replies":[{"embeddable":true,"href":"http:\/\/lafermedelamotte.fr\/index.php\/wp-json\/wp\/v2\/comments?post=45"}],"version-history":[{"count":2,"href":"http:\/\/lafermedelamotte.fr\/index.php\/wp-json\/wp\/v2\/posts\/45\/revisions"}],"predecessor-version":[{"id":104,"href":"http:\/\/lafermedelamotte.fr\/index.php\/wp-json\/wp\/v2\/posts\/45\/revisions\/104"}],"wp:attachment":[{"href":"http:\/\/lafermedelamotte.fr\/index.php\/wp-json\/wp\/v2\/media?parent=45"}],"wp:term":[{"taxonomy":"category","embeddable":true,"href":"http:\/\/lafermedelamotte.fr\/index.php\/wp-json\/wp\/v2\/categories?post=45"},{"taxonomy":"post_tag","embeddable":true,"href":"http:\/\/lafermedelamotte.fr\/index.php\/wp-json\/wp\/v2\/tags?post=45"}],"curies":[{"name":"wp","href":"https:\/\/api.w.org\/{rel}","templated":true}]}}