{"id":47,"date":"2017-08-07T17:19:22","date_gmt":"2017-08-07T15:19:22","guid":{"rendered":"http:\/\/lafermedelamotte.fr\/?p=47"},"modified":"2019-02-19T14:42:27","modified_gmt":"2019-02-19T13:42:27","slug":"chantiers-aout-2017-7-aout-2017","status":"publish","type":"post","link":"http:\/\/lafermedelamotte.fr\/index.php\/2017\/08\/07\/chantiers-aout-2017-7-aout-2017\/","title":{"rendered":"Chantiers ao\u00fbt 2017"},"content":{"rendered":"<h1 class=\"title\">Chantiers ao\u00fbt 2017<\/h1>\n<div class=\"entry\">\n<p><strong>Les 3 chantiers de juillet sont termin\u00e9s<\/strong>\u00a0!<\/p>\n<p>&gt; Le poulailler renferme 2 poules pondeuses, et elles ont l\u2019air de bien se porter ! Pas de probl\u00e8me de renard pour le moment. Aujourd\u2019hui, nos gallinac\u00e9es ont fait leur premi\u00e8re balade en dehors du poulailler. Je pense qu\u2019elles vont y prendre go\u00fbt\u2026\u00a0<img decoding=\"async\" class=\"wp-smiley\" src=\"http:\/\/fermedelamotte.unblog.fr\/wp-includes\/images\/smilies\/icon_smile.gif\" alt=\":)\" \/><\/p>\n<p><a href=\"http:\/\/fermedelamotte.unblog.fr\/files\/2017\/08\/20170720_185225.jpg\" rel=\"lightbox[98]\"><img loading=\"lazy\" decoding=\"async\" class=\"size-medium wp-image-99 aligncenter\" src=\"http:\/\/fermedelamotte.unblog.fr\/files\/2017\/08\/20170720_185225-225x300.jpg\" alt=\"20170720_185225\" width=\"225\" height=\"300\" \/><\/a><\/p>\n<p>&gt; Les ruines ont \u00e9t\u00e9 d\u00e9barrass\u00e9es de tous les arbres, arbustes, ronces, et de tous les morceaux de charpente. Un grand merci \u00e0 tous ceux qui ont particip\u00e9 \u00e0 cette op\u00e9ration !<\/p>\n<p><a href=\"http:\/\/fermedelamotte.unblog.fr\/files\/2017\/08\/gilles-poutre.jpg\" rel=\"lightbox[98]\"><img loading=\"lazy\" decoding=\"async\" class=\"alignnone size-medium wp-image-100\" src=\"http:\/\/fermedelamotte.unblog.fr\/files\/2017\/08\/gilles-poutre-225x300.jpg\" alt=\"gilles poutre\" width=\"225\" height=\"300\" \/><\/a>\u00a0<a href=\"http:\/\/fermedelamotte.unblog.fr\/files\/2017\/08\/papa-yohann-poutre.jpg\" rel=\"lightbox[98]\"><img loading=\"lazy\" decoding=\"async\" class=\"size-medium wp-image-101 alignleft\" src=\"http:\/\/fermedelamotte.unblog.fr\/files\/2017\/08\/papa-yohann-poutre-225x300.jpg\" alt=\"papa yohann poutre\" width=\"225\" height=\"300\" \/><\/a><em>\u00a0 \u00a0 \u00a0 \u00a0 \u00a0 \u00a0 \u00a0 \u00a0 \u00a0 \u00a0 \u00a0<a href=\"http:\/\/fermedelamotte.unblog.fr\/files\/2017\/08\/maman-lierre.jpg\" rel=\"lightbox[98]\"><img loading=\"lazy\" decoding=\"async\" class=\"alignnone size-medium wp-image-105\" src=\"http:\/\/fermedelamotte.unblog.fr\/files\/2017\/08\/maman-lierre-225x300.jpg\" alt=\"maman lierre\" width=\"225\" height=\"300\" \/><\/a><\/em><\/p>\n<p><em>\u00a0 \u00a0 \u00a0 \u00a0 \u00a0 \u00a0 \u00a0 \u00a0 \u00a0 \u00a0 \u00a0 \u00a0 \u00a0 \u00a0 \u00a0 \u00a0 \u00a0 \u00a0 \u00a0Enl\u00e8<\/em><em>vement des derni\u00e8res poutres\u00a0 \u00a0 \u00a0<strong>\u00a0 \u00a0 \u00a0 \u00a0 \u00a0 \u00a0 \u00a0 \u00a0 \u00a0 \u00a0 \u00a0 \u00a0 \u00a0 \u00a0 \u00a0 \u00a0 \u00a0 \u00a0 \u00a0 \u00a0 \u00a0 \u00a0 \u00a0 \u00a0 \u00a0 \u00a0 \u00a0 \u00a0<\/strong>\u00a0 \u00a0 \u00a0 \u00a0 \u00a0 \u00a0 \u00a0 \u00a0 D\u00e9crochage du lierre<\/em><\/p>\n<p>&nbsp;<\/p>\n<p>&nbsp;<\/p>\n<p><a href=\"http:\/\/fermedelamotte.unblog.fr\/files\/2017\/08\/grange-nettoyee.jpg\" rel=\"lightbox[98]\"><img loading=\"lazy\" decoding=\"async\" class=\"size-medium wp-image-102 aligncenter\" src=\"http:\/\/fermedelamotte.unblog.fr\/files\/2017\/08\/grange-nettoyee-300x225.jpg\" alt=\"grange nettoy\u00e9e\" width=\"300\" height=\"225\" \/><\/a><\/p>\n<p><em>La grange \u00ab\u00a0vid\u00e9e\u00a0\u00bb\u2026 ouf !<\/em><\/p>\n<p>&gt; Le piquetage au rez-de-chauss\u00e9e est quasiment termin\u00e9. Yohann a fait un superbe boulot !<\/p>\n<p><a href=\"http:\/\/fermedelamotte.unblog.fr\/files\/2017\/08\/20170807_221919.jpg\" rel=\"lightbox[98]\"><img loading=\"lazy\" decoding=\"async\" class=\"size-medium wp-image-103 aligncenter\" src=\"http:\/\/fermedelamotte.unblog.fr\/files\/2017\/08\/20170807_221919-300x225.jpg\" alt=\"20170807_221919\" width=\"300\" height=\"225\" \/><\/a><\/p>\n<p><em>Une partie du travail, fa\u00e7ade ouest et nord<\/em><\/p>\n<p>&nbsp;<\/p>\n<p><strong>Voici donc les 3 chantiers pour le mois d\u2019ao\u00fbt :\u00a0<\/strong><\/p>\n<p>1 \u2013 Descendre une partie des tuiles de la maison du fond (avec pour but de sauver des tuiles qui vont potentiellement bient\u00f4t tomber et d\u2019all\u00e9ger la charpente afin que le reste du toit puisse tenir un hiver de plus et laisser hors d\u2019eau les chevrons encore valables). Gilles s\u2019est magnifiquement attel\u00e9 \u00e0 cette t\u00e2che !<\/p>\n<p><a href=\"http:\/\/fermedelamotte.unblog.fr\/files\/2017\/08\/gilles-tuiles.jpg\" rel=\"lightbox[98]\"><img loading=\"lazy\" decoding=\"async\" class=\"size-medium wp-image-104 aligncenter\" src=\"http:\/\/fermedelamotte.unblog.fr\/files\/2017\/08\/gilles-tuiles-225x300.jpg\" alt=\"gilles tuiles\" width=\"225\" height=\"300\" \/><\/a><\/p>\n<p><em>\u2026 avec la strat\u00e9gie du toboggan qui a son petit c\u00f4t\u00e9 ludique !<\/em><\/p>\n<p>2 \u2013 Enduire les murs du rez de chauss\u00e9e (ceux qui viennent d\u2019\u00eatre piquet\u00e9s) avec un m\u00e9lange chaux-sable qui laisse respirer la pierre.<\/p>\n<p>&nbsp;<\/p>\n<p>3 \u2013 Prot\u00e9ger les murs des ruines : d\u00e9tourner la goutti\u00e8re du hangar pour que l\u2019eau ne se d\u00e9verse plus sur le mur, faire tomber les pierres branlantes sur le haut des murs et prot\u00e9ger avec des b\u00e2ches.<\/p>\n<p>Outre ces 3 chantiers, un 4e assez fastidieux s\u2019ajoute : ramasser et stocker les tuiles cass\u00e9es qui tra\u00eenent dans les ruines (essentiellement dans la grange). Nous avons d\u00e9j\u00e0 bien entam\u00e9 ce boulot\u2026<\/p>\n<p><a href=\"http:\/\/fermedelamotte.unblog.fr\/files\/2017\/08\/20170807_102707.jpg\" rel=\"lightbox[98]\"><img loading=\"lazy\" decoding=\"async\" class=\"size-medium wp-image-107 aligncenter\" src=\"http:\/\/fermedelamotte.unblog.fr\/files\/2017\/08\/20170807_102707-300x225.jpg\" alt=\"20170807_102707\" width=\"300\" height=\"225\" \/><\/a><\/p>\n<p>&nbsp;<\/p>\n<p>\u2026 mais il y a encore plusieurs \u00e9paisseur de tuiles sur le sol de la grange ! Environ 50 cm d\u2019un m\u00e9lange terre-tuiles cass\u00e9es\u2026<\/p>\n<p><a href=\"http:\/\/fermedelamotte.unblog.fr\/files\/2017\/08\/20170807_102546.jpg\" rel=\"lightbox[98]\"><img loading=\"lazy\" decoding=\"async\" class=\"size-medium wp-image-108 aligncenter\" src=\"http:\/\/fermedelamotte.unblog.fr\/files\/2017\/08\/20170807_102546-300x225.jpg\" alt=\"20170807_102546\" width=\"300\" height=\"225\" \/><\/a><\/p>\n<p><strong>Voil\u00e0 pour le programme\u2026<\/strong><\/p>\n<p><strong>A tr\u00e8s bient\u00f4t \u00e0 la Motte !<\/strong><\/p>\n<\/div>\n","protected":false},"excerpt":{"rendered":"<p>Chantiers ao\u00fbt 2017 Les 3 chantiers de juillet sont termin\u00e9s\u00a0! &gt; Le poulailler renferme 2 poules pondeuses, et elles ont l\u2019air de bien se porter ! Pas de probl\u00e8me de renard pour le moment. Aujourd\u2019hui, nos gallinac\u00e9es ont fait leur premi\u00e8re balade en dehors du poulailler. Je pense qu\u2019elles vont y prendre go\u00fbt\u2026\u00a0 &gt; Les &hellip; <\/p>\n<p class=\"link-more\"><a href=\"http:\/\/lafermedelamotte.fr\/index.php\/2017\/08\/07\/chantiers-aout-2017-7-aout-2017\/\" class=\"more-link\">Continuer la lecture<span class=\"screen-reader-text\"> de &laquo;&nbsp;Chantiers ao\u00fbt 2017&nbsp;&raquo;<\/span><\/a><\/p>\n","protected":false},"author":1,"featured_media":0,"comment_status":"open","ping_status":"open","sticky":false,"template":"","format":"standard","meta":{"_jetpack_memberships_contains_paid_content":false,"footnotes":""},"categories":[7],"tags":[],"class_list":["post-47","post","type-post","status-publish","format-standard","hentry","category-divers"],"jetpack_featured_media_url":"","jetpack_sharing_enabled":true,"_links":{"self":[{"href":"http:\/\/lafermedelamotte.fr\/index.php\/wp-json\/wp\/v2\/posts\/47","targetHints":{"allow":["GET"]}}],"collection":[{"href":"http:\/\/lafermedelamotte.fr\/index.php\/wp-json\/wp\/v2\/posts"}],"about":[{"href":"http:\/\/lafermedelamotte.fr\/index.php\/wp-json\/wp\/v2\/types\/post"}],"author":[{"embeddable":true,"href":"http:\/\/lafermedelamotte.fr\/index.php\/wp-json\/wp\/v2\/users\/1"}],"replies":[{"embeddable":true,"href":"http:\/\/lafermedelamotte.fr\/index.php\/wp-json\/wp\/v2\/comments?post=47"}],"version-history":[{"count":2,"href":"http:\/\/lafermedelamotte.fr\/index.php\/wp-json\/wp\/v2\/posts\/47\/revisions"}],"predecessor-version":[{"id":103,"href":"http:\/\/lafermedelamotte.fr\/index.php\/wp-json\/wp\/v2\/posts\/47\/revisions\/103"}],"wp:attachment":[{"href":"http:\/\/lafermedelamotte.fr\/index.php\/wp-json\/wp\/v2\/media?parent=47"}],"wp:term":[{"taxonomy":"category","embeddable":true,"href":"http:\/\/lafermedelamotte.fr\/index.php\/wp-json\/wp\/v2\/categories?post=47"},{"taxonomy":"post_tag","embeddable":true,"href":"http:\/\/lafermedelamotte.fr\/index.php\/wp-json\/wp\/v2\/tags?post=47"}],"curies":[{"name":"wp","href":"https:\/\/api.w.org\/{rel}","templated":true}]}}