{"id":50,"date":"2017-08-15T17:20:10","date_gmt":"2017-08-15T15:20:10","guid":{"rendered":"http:\/\/lafermedelamotte.fr\/?p=50"},"modified":"2019-02-19T14:33:40","modified_gmt":"2019-02-19T13:33:40","slug":"du-materiel-utile-quil-faut-apprendre-a-utiliser","status":"publish","type":"post","link":"http:\/\/lafermedelamotte.fr\/index.php\/2017\/08\/15\/du-materiel-utile-quil-faut-apprendre-a-utiliser\/","title":{"rendered":"Du mat\u00e9riel utile qu\u2019il faut apprendre \u00e0 utiliser"},"content":{"rendered":"<h1 class=\"title\"><\/h1>\n<div class=\"entry\">\n<p>Lors de la vente de la maison, nous avons b\u00e9n\u00e9fici\u00e9 de prix\u00a0extr\u00eamement\u00a0comp\u00e9titifs pour l\u2019achat de mat\u00e9riel qui se trouvait sur place. A savoir un tracteur et son plateau, une moutonni\u00e8re et un banc de scie.<\/p>\n<p>Mais chacun de ces outils nous a demand\u00e9\u2026 un certain temps d\u2019adaptation !<\/p>\n<p><strong>LE TRACTEUR<\/strong><\/p>\n<p><strong><a href=\"http:\/\/fermedelamotte.unblog.fr\/files\/2017\/08\/brand.gif\" rel=\"lightbox[110]\"><img loading=\"lazy\" decoding=\"async\" class=\"alignnone size-full wp-image-114\" src=\"http:\/\/fermedelamotte.unblog.fr\/files\/2017\/08\/brand.gif\" alt=\"brand\" width=\"200\" height=\"200\" \/><\/a><\/strong><\/p>\n<p>Le tracteur est un Deutz D40 05 de 1966. Il nous sera tr\u00e8s utile pour arpenter nos 74 000 m\u00e8tres carr\u00e9, transporter le bois gr\u00e2ce au plateau et autres travaux de force.<\/p>\n<p>Il est en tr\u00e8s bon \u00e9tat pour son \u00e2ge. On a juste eu un probl\u00e8me de dynamo que Nours a nettoy\u00e9. Il fonctionne au fioul.<\/p>\n<p><a href=\"http:\/\/fermedelamotte.unblog.fr\/files\/2017\/08\/20170813_151138.jpg\" rel=\"lightbox[110]\"><img loading=\"lazy\" decoding=\"async\" class=\"alignnone size-medium wp-image-111\" src=\"http:\/\/fermedelamotte.unblog.fr\/files\/2017\/08\/20170813_151138-300x225.jpg\" alt=\"20170813_151138\" width=\"300\" height=\"225\" \/><\/a><\/p>\n<p>Yohann conduisant le tracteur muni du plateau avec Pascal \u00e0 ses c\u00f4t\u00e9s. Utile pour d\u00e9placer le bois des charpentes des ruines.<\/p>\n<p><a href=\"http:\/\/fermedelamotte.unblog.fr\/files\/2017\/08\/20170808_201107.jpg\" rel=\"lightbox[110]\"><img loading=\"lazy\" decoding=\"async\" class=\"alignnone size-medium wp-image-112\" src=\"http:\/\/fermedelamotte.unblog.fr\/files\/2017\/08\/20170808_201107-300x225.jpg\" alt=\"20170808_201107\" width=\"300\" height=\"225\" \/><\/a><\/p>\n<p>Merci \u00e0 Nours pour son aide \u00e0 r\u00e9parer la dynamo.<\/p>\n<p>Nous attendons l\u2019obtention de la carte grise qui a pris un peu de retard, l\u2019administration nous demandant encore quelques papiers des anciens propri\u00e9taires. Quand nous l\u2019aurons nous aurons alors le droit de rouler sur la voie publique. En attendant la cour de la ferme et nos champs permettent \u00e0 cette belle machine allemande de continuer \u00e0 rouler.<\/p>\n<p><strong>BANC DE SCIE<\/strong><\/p>\n<p>Le banc de scie permet de scier de gros morceaux de bois. Il fonctionne \u00e0 l\u2019\u00e9lectricit\u00e9 (triphas\u00e9). Le gros avantage par rapport \u00e0 la tron\u00e7onneuse c\u2019est que l\u2019on n\u2019a pas d\u2019outil \u00e0 porter. On se fatigue donc moins vite. On pose le bois sur le banc et on le fait avancer doucement vers la lame. Et \u00e7a coupe ! Le port de gants, lunettes et casque sont hautement conseill\u00e9.<\/p>\n<p><a href=\"http:\/\/fermedelamotte.unblog.fr\/files\/2017\/08\/banc-de-scie.jpg\" rel=\"lightbox[110]\"><img loading=\"lazy\" decoding=\"async\" class=\"alignnone size-medium wp-image-116\" src=\"http:\/\/fermedelamotte.unblog.fr\/files\/2017\/08\/banc-de-scie-225x300.jpg\" alt=\"banc de scie\" width=\"225\" height=\"300\" \/><\/a><\/p>\n<p>L\u2019utilisation de cette machine a demand\u00e9 pas mal de petits travaux en amont !<\/p>\n<p>&gt; d\u00e9crocher la lame du banc pour la faire aiguiser (merci Taz !)<\/p>\n<p>&gt; faire aiguiser la lame (merci Virginie !)<\/p>\n<p>&gt; et\u2026 brancher le moteur ! C\u2019est \u00e0 dire relier le moteur par un c\u00e2ble \u00e9lectrique triphas\u00e9 \u00e0 un panneau avec prise en triphas\u00e9.<\/p>\n<p>Or, il n\u2019y avait plus de jus au niveau du panneau du hangar. Apr\u00e8s une \u00ab\u00a0br\u00e8ve\u00a0\u00bb enqu\u00eate, nous avons compris que le fil du triphas\u00e9 amenant l\u2019\u00e9lectricit\u00e9 de la maison au hangar, en passant par l\u2019ancienne grange, avait malencontreusement \u00e9t\u00e9 coup\u00e9 suite au nettoyage de la ruine (sans incident heureusement !). Cette \u00ab\u00a0cagade\u00a0\u00bb nous a permis de nous int\u00e9resser et de comprendre le r\u00e9seau \u00e9lectrique de la propri\u00e9t\u00e9 et, \u00e0 moi, de passer mon niveau 0,1 en \u00e9lectricit\u00e9\u00a0<img decoding=\"async\" class=\"wp-smiley\" src=\"http:\/\/fermedelamotte.unblog.fr\/wp-includes\/images\/smilies\/icon_biggrin.gif\" alt=\":D\" \/><\/p>\n<p>En effet, Super Taz est venu \u00e0 notre aide (encore une fois!). Il m\u2019a appris a install\u00e9 des boites de d\u00e9rivation aux 2 endroits o\u00f9 le fil \u00e9tait coup\u00e9. On\u00a0en a \u00a0profit\u00e9 pour supprimer le tableau de r\u00e9partition interm\u00e9diaire qui \u00e9tait dans la ruine \u00e0 la merci de la pluie.<\/p>\n<p><a href=\"http:\/\/fermedelamotte.unblog.fr\/files\/2017\/08\/20170812_145729.jpg\" rel=\"lightbox[110]\"><img loading=\"lazy\" decoding=\"async\" class=\"size-medium wp-image-117 aligncenter\" src=\"http:\/\/fermedelamotte.unblog.fr\/files\/2017\/08\/20170812_145729-225x300.jpg\" alt=\"20170812_145729\" width=\"225\" height=\"300\" \/><\/a><\/p>\n<p><em>Taz fixe le boitier de d\u00e9rivation<\/em><\/p>\n<p><a href=\"http:\/\/fermedelamotte.unblog.fr\/files\/2017\/08\/elec.jpg\" rel=\"lightbox[110]\"><img loading=\"lazy\" decoding=\"async\" class=\"size-medium wp-image-118 aligncenter\" src=\"http:\/\/fermedelamotte.unblog.fr\/files\/2017\/08\/elec-225x300.jpg\" alt=\"elec\" width=\"225\" height=\"300\" \/><\/a><\/p>\n<p><em>Youhou ! J\u2019ai appris \u00e0 utiliser des dominos !\u00a0<\/em><\/p>\n<p>Une fois tout cela r\u00e9gl\u00e9, il a encore fallu apprendre \u00e0 ma\u00eetriser le banc de scie. On ne sait pas pourquoi, des fois le moteur tourne dans un sens, et des fois dans l\u2019autre\u2026 Pas de probl\u00e8me de branchement de phase, tout est ok de ce c\u00f4t\u00e9 l\u00e0\u2026\u00a0Si quelqu\u2019un a une id\u00e9e pour r\u00e9soudre ce myst\u00e8re nous sommes preneurs !<\/p>\n<p>A ce jour, nous avons 5 st\u00e8res de bois coup\u00e9 pour l\u2019hiver !<\/p>\n<p><a href=\"http:\/\/fermedelamotte.unblog.fr\/files\/2017\/08\/20170813_172050.jpg\" rel=\"lightbox[110]\"><img loading=\"lazy\" decoding=\"async\" class=\"size-medium wp-image-125 aligncenter\" src=\"http:\/\/fermedelamotte.unblog.fr\/files\/2017\/08\/20170813_172050-300x225.jpg\" alt=\"20170813_172050\" width=\"300\" height=\"225\" \/><\/a><\/p>\n<p><a href=\"http:\/\/fermedelamotte.unblog.fr\/files\/2017\/08\/20170813_172056.jpg\" rel=\"lightbox[110]\"><img loading=\"lazy\" decoding=\"async\" class=\"size-medium wp-image-119 aligncenter\" src=\"http:\/\/fermedelamotte.unblog.fr\/files\/2017\/08\/20170813_172056-300x225.jpg\" alt=\"20170813_172056\" width=\"300\" height=\"225\" \/><\/a><\/p>\n<p><strong>LA MOUTONNIERE<\/strong><\/p>\n<p>Pour ce qui est de la moutonni\u00e8re, il a fallu installer un crochet d\u2019attelage \u00e0 ma voiture. Nours \u00a0a consacr\u00e9 toute une journ\u00e9e \u00e0 cette mission. Merci beaucoup !!! Malheureusement je n\u2019ai pas de photo de ce travail de longue haleine. Mais la moutonni\u00e8re peut dor\u00e9navant se pavaner \u00e0 l\u2019arri\u00e8re de la voiture.<\/p>\n<p><a href=\"http:\/\/fermedelamotte.unblog.fr\/files\/2017\/08\/20170813_113259.jpg\" rel=\"lightbox[110]\"><img loading=\"lazy\" decoding=\"async\" class=\"size-medium wp-image-120 aligncenter\" src=\"http:\/\/fermedelamotte.unblog.fr\/files\/2017\/08\/20170813_113259-300x225.jpg\" alt=\"20170813_113259\" width=\"300\" height=\"225\" \/><\/a><\/p>\n<\/div>\n","protected":false},"excerpt":{"rendered":"<p>Lors de la vente de la maison, nous avons b\u00e9n\u00e9fici\u00e9 de prix\u00a0extr\u00eamement\u00a0comp\u00e9titifs pour l\u2019achat de mat\u00e9riel qui se trouvait sur place. A savoir un tracteur et son plateau, une moutonni\u00e8re et un banc de scie. Mais chacun de ces outils nous a demand\u00e9\u2026 un certain temps d\u2019adaptation ! LE TRACTEUR Le tracteur est un Deutz &hellip; <\/p>\n<p class=\"link-more\"><a href=\"http:\/\/lafermedelamotte.fr\/index.php\/2017\/08\/15\/du-materiel-utile-quil-faut-apprendre-a-utiliser\/\" class=\"more-link\">Continuer la lecture<span class=\"screen-reader-text\"> de &laquo;&nbsp;Du mat\u00e9riel utile qu\u2019il faut apprendre \u00e0 utiliser&nbsp;&raquo;<\/span><\/a><\/p>\n","protected":false},"author":1,"featured_media":0,"comment_status":"open","ping_status":"open","sticky":false,"template":"","format":"standard","meta":{"_jetpack_memberships_contains_paid_content":false,"footnotes":""},"categories":[7],"tags":[],"class_list":["post-50","post","type-post","status-publish","format-standard","hentry","category-divers"],"jetpack_featured_media_url":"","jetpack_sharing_enabled":true,"_links":{"self":[{"href":"http:\/\/lafermedelamotte.fr\/index.php\/wp-json\/wp\/v2\/posts\/50","targetHints":{"allow":["GET"]}}],"collection":[{"href":"http:\/\/lafermedelamotte.fr\/index.php\/wp-json\/wp\/v2\/posts"}],"about":[{"href":"http:\/\/lafermedelamotte.fr\/index.php\/wp-json\/wp\/v2\/types\/post"}],"author":[{"embeddable":true,"href":"http:\/\/lafermedelamotte.fr\/index.php\/wp-json\/wp\/v2\/users\/1"}],"replies":[{"embeddable":true,"href":"http:\/\/lafermedelamotte.fr\/index.php\/wp-json\/wp\/v2\/comments?post=50"}],"version-history":[{"count":3,"href":"http:\/\/lafermedelamotte.fr\/index.php\/wp-json\/wp\/v2\/posts\/50\/revisions"}],"predecessor-version":[{"id":102,"href":"http:\/\/lafermedelamotte.fr\/index.php\/wp-json\/wp\/v2\/posts\/50\/revisions\/102"}],"wp:attachment":[{"href":"http:\/\/lafermedelamotte.fr\/index.php\/wp-json\/wp\/v2\/media?parent=50"}],"wp:term":[{"taxonomy":"category","embeddable":true,"href":"http:\/\/lafermedelamotte.fr\/index.php\/wp-json\/wp\/v2\/categories?post=50"},{"taxonomy":"post_tag","embeddable":true,"href":"http:\/\/lafermedelamotte.fr\/index.php\/wp-json\/wp\/v2\/tags?post=50"}],"curies":[{"name":"wp","href":"https:\/\/api.w.org\/{rel}","templated":true}]}}