{"id":54,"date":"2017-08-23T17:22:28","date_gmt":"2017-08-23T15:22:28","guid":{"rendered":"http:\/\/lafermedelamotte.fr\/?p=54"},"modified":"2019-02-19T14:33:01","modified_gmt":"2019-02-19T13:33:01","slug":"2-nouvelles-poulettes-ou-2-nouveaux-poulets-23-aout-2017","status":"publish","type":"post","link":"http:\/\/lafermedelamotte.fr\/index.php\/2017\/08\/23\/2-nouvelles-poulettes-ou-2-nouveaux-poulets-23-aout-2017\/","title":{"rendered":"2 nouvelles poulettes (ou 2 nouveaux poulets)"},"content":{"rendered":"<h1 class=\"title\"><\/h1>\n<div class=\"entry\">\n<p>Bienvenue aux 2 gallinac\u00e9s Virginie et Arnaud qui nous ont rejoints sur la ferme !<\/p>\n<p>Merci aux 2 copains Virginie et Arnaud qui nous les ont offerts\u00a0<img decoding=\"async\" class=\"wp-smiley\" src=\"http:\/\/fermedelamotte.unblog.fr\/wp-includes\/images\/smilies\/icon_smile.gif\" alt=\":)\" \/><\/p>\n<p><a href=\"http:\/\/fermedelamotte.unblog.fr\/files\/2017\/08\/poules-grises.jpg\" rel=\"lightbox[127]\"><img loading=\"lazy\" decoding=\"async\" class=\"size-medium wp-image-128 aligncenter\" src=\"http:\/\/fermedelamotte.unblog.fr\/files\/2017\/08\/poules-grises-300x225.jpg\" alt=\"poules grises\" width=\"300\" height=\"225\" \/><\/a><\/p>\n<p>&nbsp;<\/p>\n<p>Ils ont 2 mois. On ne sait pas encore s\u2019il s\u2019agit de m\u00e2les, de femelles, d\u2019un m\u00e2le et d\u2019une femelle.<\/p>\n<p>\u2014<\/p>\n<p>J\u2019en profite pour dire que nos de poules pondeuses ont bien pris leurs marques. Elle se baladent maintenant tout autour de la maison, et reviennent dans leur enclos le soir pour aller se coucher. Et elles nous font de bons \u0153ufs !<\/p>\n<p>Ce midi, repas 90% \u00ab\u00a0La Motte\u00a0\u00bb :<\/p>\n<p>&gt; radis<\/p>\n<p>&gt; \u0153ufs \u00a0+ haricots \u00a0+ pommes de terre nouvelles<\/p>\n<p>&gt; sorbet \u00e0 la m\u00fbre<\/p>\n<p>Les 10% sont pour le demi citron et le sucre que j\u2019ai mis dans le sorbet, et la tranche de pain pour saucer.<\/p>\n<p>Ce genre de repas donne vraiment envie de travailler \u00e0 notre autonomie alimentaire.*<\/p>\n<\/div>\n<p>&nbsp;<\/p>\n<hr \/>\n<p>29 ao\u00fbt 2018 &#8211; NDLR : il s&rsquo;agissait de 2 m\u00e2les ! Nous avons donc eu 2 coqs, et nous en avons donn\u00e9 un.<\/p>\n<div class=\"entry\">\n<div class=\"partage_container\"><\/div>\n<\/div>\n","protected":false},"excerpt":{"rendered":"<p>Bienvenue aux 2 gallinac\u00e9s Virginie et Arnaud qui nous ont rejoints sur la ferme ! Merci aux 2 copains Virginie et Arnaud qui nous les ont offerts\u00a0 &nbsp; Ils ont 2 mois. On ne sait pas encore s\u2019il s\u2019agit de m\u00e2les, de femelles, d\u2019un m\u00e2le et d\u2019une femelle. \u2014 J\u2019en profite pour dire que nos &hellip; <\/p>\n<p class=\"link-more\"><a href=\"http:\/\/lafermedelamotte.fr\/index.php\/2017\/08\/23\/2-nouvelles-poulettes-ou-2-nouveaux-poulets-23-aout-2017\/\" class=\"more-link\">Continuer la lecture<span class=\"screen-reader-text\"> de &laquo;&nbsp;2 nouvelles poulettes (ou 2 nouveaux poulets)&nbsp;&raquo;<\/span><\/a><\/p>\n","protected":false},"author":1,"featured_media":0,"comment_status":"open","ping_status":"open","sticky":false,"template":"","format":"standard","meta":{"_jetpack_memberships_contains_paid_content":false,"footnotes":""},"categories":[4],"tags":[],"class_list":["post-54","post","type-post","status-publish","format-standard","hentry","category-animaux"],"jetpack_featured_media_url":"","jetpack_sharing_enabled":true,"_links":{"self":[{"href":"http:\/\/lafermedelamotte.fr\/index.php\/wp-json\/wp\/v2\/posts\/54","targetHints":{"allow":["GET"]}}],"collection":[{"href":"http:\/\/lafermedelamotte.fr\/index.php\/wp-json\/wp\/v2\/posts"}],"about":[{"href":"http:\/\/lafermedelamotte.fr\/index.php\/wp-json\/wp\/v2\/types\/post"}],"author":[{"embeddable":true,"href":"http:\/\/lafermedelamotte.fr\/index.php\/wp-json\/wp\/v2\/users\/1"}],"replies":[{"embeddable":true,"href":"http:\/\/lafermedelamotte.fr\/index.php\/wp-json\/wp\/v2\/comments?post=54"}],"version-history":[{"count":2,"href":"http:\/\/lafermedelamotte.fr\/index.php\/wp-json\/wp\/v2\/posts\/54\/revisions"}],"predecessor-version":[{"id":101,"href":"http:\/\/lafermedelamotte.fr\/index.php\/wp-json\/wp\/v2\/posts\/54\/revisions\/101"}],"wp:attachment":[{"href":"http:\/\/lafermedelamotte.fr\/index.php\/wp-json\/wp\/v2\/media?parent=54"}],"wp:term":[{"taxonomy":"category","embeddable":true,"href":"http:\/\/lafermedelamotte.fr\/index.php\/wp-json\/wp\/v2\/categories?post=54"},{"taxonomy":"post_tag","embeddable":true,"href":"http:\/\/lafermedelamotte.fr\/index.php\/wp-json\/wp\/v2\/tags?post=54"}],"curies":[{"name":"wp","href":"https:\/\/api.w.org\/{rel}","templated":true}]}}