{"id":57,"date":"2017-09-27T17:23:34","date_gmt":"2017-09-27T15:23:34","guid":{"rendered":"http:\/\/lafermedelamotte.fr\/?p=57"},"modified":"2019-02-19T14:46:29","modified_gmt":"2019-02-19T13:46:29","slug":"nouvelles-27-septembre-2017","status":"publish","type":"post","link":"http:\/\/lafermedelamotte.fr\/index.php\/2017\/09\/27\/nouvelles-27-septembre-2017\/","title":{"rendered":"Nouvelles !"},"content":{"rendered":"<h1 class=\"title\"><\/h1>\n<div class=\"entry\">\n<p>Apr\u00e8s un mois de silence radio sur le blog, un petit point sur les avanc\u00e9es !<\/p>\n<p><strong>1 \u2013 La pompe !<\/strong><\/p>\n<p>Nico, Arnaud et Taz sont all\u00e9s \u00e0 la p\u00eache \u00e0 la pompe ! Et vu son \u00e9tat, elle a fini \u00e0 la d\u00e9chetterie ! A voir s\u2019il sera possible d\u2019en mettre une autre\u2026<\/p>\n<p><a href=\"http:\/\/fermedelamotte.unblog.fr\/files\/2017\/09\/img_20170819_202442.jpg\" rel=\"lightbox[132]\"><img loading=\"lazy\" decoding=\"async\" class=\"size-medium wp-image-133 aligncenter\" src=\"http:\/\/fermedelamotte.unblog.fr\/files\/2017\/09\/img_20170819_202442-225x300.jpg\" alt=\"bty\" width=\"225\" height=\"300\" \/><\/a><\/p>\n<p>&nbsp;<\/p>\n<p>&nbsp;<\/p>\n<p><em>Taz, Arnaud, Nico\u2026 et la pompe !<\/em><\/p>\n<p><strong>2 \u2013 Les tuiles !<\/strong><\/p>\n<p>On a fini de les retirer de la grange, et on a prot\u00e9g\u00e9 les poutres pour l\u2019hiver. Nous verrons au printemps de quelle mani\u00e8re nous pouvons pr\u00e9server la structure.<\/p>\n<p>&nbsp;<\/p>\n<p><a href=\"http:\/\/fermedelamotte.unblog.fr\/files\/2017\/09\/20170910_160407.jpg\" rel=\"lightbox[132]\"><img loading=\"lazy\" decoding=\"async\" class=\"size-medium wp-image-134 aligncenter\" src=\"http:\/\/fermedelamotte.unblog.fr\/files\/2017\/09\/20170910_160407-225x300.jpg\" alt=\"20170910_160407\" width=\"225\" height=\"300\" \/><\/a><\/p>\n<p><em>Gilles fait glisser les tuiles sur les planches et Pascal les r\u00e9cup\u00e8re\u00a0<\/em><\/p>\n<p><strong>3 \u2013 L\u2019enduit !<\/strong><\/p>\n<p>Sur les murs que Yohann, Taz et Gilles ont piquet\u00e9, nous avons mis un enduit sable et chaux qui, contrairement au ciment, permet au mur de \u00ab\u00a0respirer\u00a0\u00bb.<\/p>\n<p><a href=\"http:\/\/fermedelamotte.unblog.fr\/files\/2017\/09\/20170809_171726.jpg\" rel=\"lightbox[132]\"><img loading=\"lazy\" decoding=\"async\" class=\"size-medium wp-image-135 aligncenter\" src=\"http:\/\/fermedelamotte.unblog.fr\/files\/2017\/09\/20170809_171726-300x225.jpg\" alt=\"20170809_171726\" width=\"300\" height=\"225\" \/><\/a><\/p>\n<p><em>Arriv\u00e9e du camion de sable<\/em><\/p>\n<p><img loading=\"lazy\" decoding=\"async\" class=\"alignnone size-medium wp-image-136\" src=\"http:\/\/fermedelamotte.unblog.fr\/files\/2017\/09\/20170812_165839-225x300.jpg\" alt=\"20170812_165839\" width=\"225\" height=\"300\" \/><\/p>\n<p><em>Yohann et Pascal commencent \u00e0 enduire !<\/em><\/p>\n<p><a href=\"http:\/\/fermedelamotte.unblog.fr\/files\/2017\/09\/20170818_110821.jpg\" rel=\"lightbox[132]\"><img loading=\"lazy\" decoding=\"async\" class=\"alignnone size-medium wp-image-137\" src=\"http:\/\/fermedelamotte.unblog.fr\/files\/2017\/09\/20170818_110821-225x300.jpg\" alt=\"20170818_110821\" width=\"225\" height=\"300\" \/><\/a><\/p>\n<p><em>J\u2019apprends aussi !<\/em><\/p>\n<p>Actuellement, les murs du salon sont enduits. Il y a encore tout l\u2019\u00e9tage \u00e0 faire !<\/p>\n<p><strong>4 \u2013 Le bois !<\/strong><\/p>\n<p>Des ruines, nous avons sorti des tas de bois de charpente que Yohann a d\u00e9bit\u00e9. Le stock devrait nous suffire pour nous chauffer tout l\u2019hiver !<\/p>\n<p>\u2014<\/p>\n<p>Dans quelques semaines nous allons quitter la maison, le temps de doubler une ouverture dans le mur sud du salon, installer les nouvelles menuiseries et isoler les murs du rdc. Et puis, le temps pour nous aussi d\u2019accueillir notre petite puce !<\/p>\n<p><strong>Prochain article en 2018 !<\/strong><\/p>\n<div class=\"partage_container\"><\/div>\n<\/div>\n","protected":false},"excerpt":{"rendered":"<p>Apr\u00e8s un mois de silence radio sur le blog, un petit point sur les avanc\u00e9es ! 1 \u2013 La pompe ! Nico, Arnaud et Taz sont all\u00e9s \u00e0 la p\u00eache \u00e0 la pompe ! Et vu son \u00e9tat, elle a fini \u00e0 la d\u00e9chetterie ! A voir s\u2019il sera possible d\u2019en mettre une autre\u2026 &nbsp; &hellip; <\/p>\n<p class=\"link-more\"><a href=\"http:\/\/lafermedelamotte.fr\/index.php\/2017\/09\/27\/nouvelles-27-septembre-2017\/\" class=\"more-link\">Continuer la lecture<span class=\"screen-reader-text\"> de &laquo;&nbsp;Nouvelles !&nbsp;&raquo;<\/span><\/a><\/p>\n","protected":false},"author":1,"featured_media":0,"comment_status":"open","ping_status":"open","sticky":false,"template":"","format":"standard","meta":{"_jetpack_memberships_contains_paid_content":false,"footnotes":""},"categories":[1],"tags":[],"class_list":["post-57","post","type-post","status-publish","format-standard","hentry","category-non-classe"],"jetpack_featured_media_url":"","jetpack_sharing_enabled":true,"_links":{"self":[{"href":"http:\/\/lafermedelamotte.fr\/index.php\/wp-json\/wp\/v2\/posts\/57","targetHints":{"allow":["GET"]}}],"collection":[{"href":"http:\/\/lafermedelamotte.fr\/index.php\/wp-json\/wp\/v2\/posts"}],"about":[{"href":"http:\/\/lafermedelamotte.fr\/index.php\/wp-json\/wp\/v2\/types\/post"}],"author":[{"embeddable":true,"href":"http:\/\/lafermedelamotte.fr\/index.php\/wp-json\/wp\/v2\/users\/1"}],"replies":[{"embeddable":true,"href":"http:\/\/lafermedelamotte.fr\/index.php\/wp-json\/wp\/v2\/comments?post=57"}],"version-history":[{"count":2,"href":"http:\/\/lafermedelamotte.fr\/index.php\/wp-json\/wp\/v2\/posts\/57\/revisions"}],"predecessor-version":[{"id":99,"href":"http:\/\/lafermedelamotte.fr\/index.php\/wp-json\/wp\/v2\/posts\/57\/revisions\/99"}],"wp:attachment":[{"href":"http:\/\/lafermedelamotte.fr\/index.php\/wp-json\/wp\/v2\/media?parent=57"}],"wp:term":[{"taxonomy":"category","embeddable":true,"href":"http:\/\/lafermedelamotte.fr\/index.php\/wp-json\/wp\/v2\/categories?post=57"},{"taxonomy":"post_tag","embeddable":true,"href":"http:\/\/lafermedelamotte.fr\/index.php\/wp-json\/wp\/v2\/tags?post=57"}],"curies":[{"name":"wp","href":"https:\/\/api.w.org\/{rel}","templated":true}]}}