{"id":61,"date":"2018-08-06T17:08:44","date_gmt":"2018-08-06T15:08:44","guid":{"rendered":"http:\/\/lafermedelamotte.fr\/?p=61"},"modified":"2018-08-06T17:08:44","modified_gmt":"2018-08-06T15:08:44","slug":"le-retour","status":"publish","type":"post","link":"http:\/\/lafermedelamotte.fr\/index.php\/2018\/08\/06\/le-retour\/","title":{"rendered":"Le retour !!"},"content":{"rendered":"<p>Apr\u00e8s presque un an sans article nous voil\u00e0 de retour&#8230;. \u00e0 trois !<\/p>\n<p>Du coup, on a plein de choses \u00e0 dire et \u00e0 vous montrer, nos avanc\u00e9es et nos d\u00e9boires ! Et oui, nous avons exp\u00e9riment\u00e9 le fait que les travaux entra\u00eenent toujours quelques d\u00e9convenues&#8230;<\/p>\n<p>Mais tout d&rsquo;abord, un grand merci \u00e0 Nours qui nous a mis au point ce beau petit blog et qui l&rsquo;h\u00e9berge sur son serveur \ud83d\ude42<\/p>\n<p>Il va nous falloir plusieurs articles pour vous montrer nos avanc\u00e9es. Nous essaieront de se remettre \u00e0 jour au cours du mois d&rsquo;ao\u00fbt.<\/p>\n<p>Pour les projets du moments pour ceux qui souhaiteraient venir donner un coup de main :<\/p>\n<ul>\n<li>enduit ext\u00e9rieur maison sable-chaux<\/li>\n<li>isolation int\u00e9rieur salon<\/li>\n<li>descente des tuiles petite maison<\/li>\n<li>nettoyage \/ peinture radiateurs<\/li>\n<\/ul>\n<p>A bient\u00f4t !!<\/p>\n","protected":false},"excerpt":{"rendered":"<p>Apr\u00e8s presque un an sans article nous voil\u00e0 de retour&#8230;. \u00e0 trois ! Du coup, on a plein de choses \u00e0 dire et \u00e0 vous montrer, nos avanc\u00e9es et nos d\u00e9boires ! Et oui, nous avons exp\u00e9riment\u00e9 le fait que les travaux entra\u00eenent toujours quelques d\u00e9convenues&#8230; Mais tout d&rsquo;abord, un grand merci \u00e0 Nours qui &hellip; <\/p>\n<p class=\"link-more\"><a href=\"http:\/\/lafermedelamotte.fr\/index.php\/2018\/08\/06\/le-retour\/\" class=\"more-link\">Continuer la lecture<span class=\"screen-reader-text\"> de &laquo;&nbsp;Le retour !!&nbsp;&raquo;<\/span><\/a><\/p>\n","protected":false},"author":1,"featured_media":0,"comment_status":"open","ping_status":"open","sticky":false,"template":"","format":"standard","meta":{"_jetpack_memberships_contains_paid_content":false,"footnotes":""},"categories":[1],"tags":[],"class_list":["post-61","post","type-post","status-publish","format-standard","hentry","category-non-classe"],"jetpack_featured_media_url":"","jetpack_sharing_enabled":true,"_links":{"self":[{"href":"http:\/\/lafermedelamotte.fr\/index.php\/wp-json\/wp\/v2\/posts\/61","targetHints":{"allow":["GET"]}}],"collection":[{"href":"http:\/\/lafermedelamotte.fr\/index.php\/wp-json\/wp\/v2\/posts"}],"about":[{"href":"http:\/\/lafermedelamotte.fr\/index.php\/wp-json\/wp\/v2\/types\/post"}],"author":[{"embeddable":true,"href":"http:\/\/lafermedelamotte.fr\/index.php\/wp-json\/wp\/v2\/users\/1"}],"replies":[{"embeddable":true,"href":"http:\/\/lafermedelamotte.fr\/index.php\/wp-json\/wp\/v2\/comments?post=61"}],"version-history":[{"count":1,"href":"http:\/\/lafermedelamotte.fr\/index.php\/wp-json\/wp\/v2\/posts\/61\/revisions"}],"predecessor-version":[{"id":63,"href":"http:\/\/lafermedelamotte.fr\/index.php\/wp-json\/wp\/v2\/posts\/61\/revisions\/63"}],"wp:attachment":[{"href":"http:\/\/lafermedelamotte.fr\/index.php\/wp-json\/wp\/v2\/media?parent=61"}],"wp:term":[{"taxonomy":"category","embeddable":true,"href":"http:\/\/lafermedelamotte.fr\/index.php\/wp-json\/wp\/v2\/categories?post=61"},{"taxonomy":"post_tag","embeddable":true,"href":"http:\/\/lafermedelamotte.fr\/index.php\/wp-json\/wp\/v2\/tags?post=61"}],"curies":[{"name":"wp","href":"https:\/\/api.w.org\/{rel}","templated":true}]}}