{"id":65,"date":"2018-08-06T17:37:39","date_gmt":"2018-08-06T15:37:39","guid":{"rendered":"http:\/\/lafermedelamotte.fr\/?p=65"},"modified":"2019-07-27T09:00:54","modified_gmt":"2019-07-27T07:00:54","slug":"letable","status":"publish","type":"post","link":"http:\/\/lafermedelamotte.fr\/index.php\/2018\/08\/06\/letable\/","title":{"rendered":"L&rsquo;\u00e9table"},"content":{"rendered":"<p>On commence avec l&rsquo;\u00e9table.<\/p>\n<p><img loading=\"lazy\" decoding=\"async\" class=\"alignnone size-medium wp-image-66\" src=\"http:\/\/lafermedelamotte.fr\/wp-content\/uploads\/2018\/08\/copie-blog-300x200.jpg\" alt=\"\" width=\"300\" height=\"200\" srcset=\"http:\/\/lafermedelamotte.fr\/wp-content\/uploads\/2018\/08\/copie-blog-300x200.jpg 300w, http:\/\/lafermedelamotte.fr\/wp-content\/uploads\/2018\/08\/copie-blog-768x512.jpg 768w, http:\/\/lafermedelamotte.fr\/wp-content\/uploads\/2018\/08\/copie-blog-1024x682.jpg 1024w, http:\/\/lafermedelamotte.fr\/wp-content\/uploads\/2018\/08\/copie-blog.jpg 1732w\" sizes=\"auto, (max-width: 300px) 100vw, 300px\" \/><\/p>\n<p>Voici l&rsquo;\u00e9tat de l&rsquo;\u00e9table et de la grange \u00e0 notre arriv\u00e9e.<\/p>\n<p>La partie qui nous int\u00e9resse est celle de gauche. Etant donn\u00e9 le trou dans le toit et l&rsquo;\u00e9tat de la poutre fa\u00eeti\u00e8re, il \u00e9tait n\u00e9cessaire de faire quelque chose tr\u00e8s rapidement, sans quoi le b\u00e2timent risquait de finir dans le m\u00eame \u00e9tat que la ruine voisine.<\/p>\n<p>N&rsquo;\u00e9tant pas en mesure d&rsquo;assumer financi\u00e8rement une r\u00e9fection rapide du toit de l&rsquo;\u00e9table, Maman et Papa ont pris cela \u00e0 leur charge. Merci \u00e0 eux !<\/p>\n<p><img loading=\"lazy\" decoding=\"async\" class=\"alignnone size-medium wp-image-67\" src=\"http:\/\/lafermedelamotte.fr\/wp-content\/uploads\/2018\/08\/etable-copie-blog--e1533569119278-225x300.jpg\" alt=\"\" width=\"225\" height=\"300\" srcset=\"http:\/\/lafermedelamotte.fr\/wp-content\/uploads\/2018\/08\/etable-copie-blog--e1533569119278-225x300.jpg 225w, http:\/\/lafermedelamotte.fr\/wp-content\/uploads\/2018\/08\/etable-copie-blog--e1533569119278-768x1024.jpg 768w, http:\/\/lafermedelamotte.fr\/wp-content\/uploads\/2018\/08\/etable-copie-blog--e1533569119278.jpg 1224w\" sizes=\"auto, (max-width: 225px) 100vw, 225px\" \/><\/p>\n<p><em>\u00a0<img loading=\"lazy\" decoding=\"async\" class=\"alignnone size-medium wp-image-72\" src=\"http:\/\/lafermedelamotte.fr\/wp-content\/uploads\/2018\/08\/\u00e9table-3-copie-blog--e1533569286272-225x300.jpg\" alt=\"\" width=\"225\" height=\"300\" \/> \u00a0<img loading=\"lazy\" decoding=\"async\" class=\"alignnone size-medium wp-image-69\" src=\"http:\/\/lafermedelamotte.fr\/wp-content\/uploads\/2018\/08\/\u00e9table-3-copie-blog--300x225.jpg\" alt=\"\" width=\"300\" height=\"225\" \/>\u00a0Le tuiles ont \u00e9t\u00e9 retir\u00e9es&#8230;<\/em><\/p>\n<p><img loading=\"lazy\" decoding=\"async\" class=\"alignnone size-medium wp-image-68\" src=\"http:\/\/lafermedelamotte.fr\/wp-content\/uploads\/2018\/08\/etable-2-copie-blog-e1533569138827-225x300.jpg\" alt=\"\" width=\"225\" height=\"300\" srcset=\"http:\/\/lafermedelamotte.fr\/wp-content\/uploads\/2018\/08\/etable-2-copie-blog-e1533569138827-225x300.jpg 225w, http:\/\/lafermedelamotte.fr\/wp-content\/uploads\/2018\/08\/etable-2-copie-blog-e1533569138827-768x1024.jpg 768w, http:\/\/lafermedelamotte.fr\/wp-content\/uploads\/2018\/08\/etable-2-copie-blog-e1533569138827.jpg 1224w\" sizes=\"auto, (max-width: 225px) 100vw, 225px\" \/><\/p>\n<p><em>Pose des chevrons sur les anciennes pannes (sauf panne fa\u00eeti\u00e8re qui a d\u00fb \u00eatre remplac\u00e9e).<\/em><\/p>\n<p><img loading=\"lazy\" decoding=\"async\" class=\"alignnone size-medium wp-image-70\" src=\"http:\/\/lafermedelamotte.fr\/wp-content\/uploads\/2018\/08\/etable-4-copie-blog-e1533569196640-225x300.jpg\" alt=\"\" width=\"225\" height=\"300\" srcset=\"http:\/\/lafermedelamotte.fr\/wp-content\/uploads\/2018\/08\/etable-4-copie-blog-e1533569196640-225x300.jpg 225w, http:\/\/lafermedelamotte.fr\/wp-content\/uploads\/2018\/08\/etable-4-copie-blog-e1533569196640-768x1024.jpg 768w, http:\/\/lafermedelamotte.fr\/wp-content\/uploads\/2018\/08\/etable-4-copie-blog-e1533569196640.jpg 1224w\" sizes=\"auto, (max-width: 225px) 100vw, 225px\" \/><\/p>\n<p><em>Anciennes tuiles remises en place (une bonne partie de celles qu&rsquo;on a frott\u00e9 et stock\u00e9 l&rsquo;ann\u00e9e derni\u00e8re y est pass\u00e9e)<\/em><\/p>\n<p>&nbsp;<\/p>\n<p>Et voil\u00e0 une belle \u00e9table&#8230; qui n&rsquo;attend plus que son rejointoiement !<\/p>\n","protected":false},"excerpt":{"rendered":"<p>On commence avec l&rsquo;\u00e9table. Voici l&rsquo;\u00e9tat de l&rsquo;\u00e9table et de la grange \u00e0 notre arriv\u00e9e. La partie qui nous int\u00e9resse est celle de gauche. Etant donn\u00e9 le trou dans le toit et l&rsquo;\u00e9tat de la poutre fa\u00eeti\u00e8re, il \u00e9tait n\u00e9cessaire de faire quelque chose tr\u00e8s rapidement, sans quoi le b\u00e2timent risquait de finir dans le &hellip; <\/p>\n<p class=\"link-more\"><a href=\"http:\/\/lafermedelamotte.fr\/index.php\/2018\/08\/06\/letable\/\" class=\"more-link\">Continuer la lecture<span class=\"screen-reader-text\"> de &laquo;&nbsp;L&rsquo;\u00e9table&nbsp;&raquo;<\/span><\/a><\/p>\n","protected":false},"author":1,"featured_media":0,"comment_status":"open","ping_status":"open","sticky":false,"template":"","format":"standard","meta":{"_jetpack_memberships_contains_paid_content":false,"footnotes":""},"categories":[8,1],"tags":[],"class_list":["post-65","post","type-post","status-publish","format-standard","hentry","category-batiments-annexes","category-non-classe"],"jetpack_featured_media_url":"","jetpack_sharing_enabled":true,"_links":{"self":[{"href":"http:\/\/lafermedelamotte.fr\/index.php\/wp-json\/wp\/v2\/posts\/65","targetHints":{"allow":["GET"]}}],"collection":[{"href":"http:\/\/lafermedelamotte.fr\/index.php\/wp-json\/wp\/v2\/posts"}],"about":[{"href":"http:\/\/lafermedelamotte.fr\/index.php\/wp-json\/wp\/v2\/types\/post"}],"author":[{"embeddable":true,"href":"http:\/\/lafermedelamotte.fr\/index.php\/wp-json\/wp\/v2\/users\/1"}],"replies":[{"embeddable":true,"href":"http:\/\/lafermedelamotte.fr\/index.php\/wp-json\/wp\/v2\/comments?post=65"}],"version-history":[{"count":1,"href":"http:\/\/lafermedelamotte.fr\/index.php\/wp-json\/wp\/v2\/posts\/65\/revisions"}],"predecessor-version":[{"id":74,"href":"http:\/\/lafermedelamotte.fr\/index.php\/wp-json\/wp\/v2\/posts\/65\/revisions\/74"}],"wp:attachment":[{"href":"http:\/\/lafermedelamotte.fr\/index.php\/wp-json\/wp\/v2\/media?parent=65"}],"wp:term":[{"taxonomy":"category","embeddable":true,"href":"http:\/\/lafermedelamotte.fr\/index.php\/wp-json\/wp\/v2\/categories?post=65"},{"taxonomy":"post_tag","embeddable":true,"href":"http:\/\/lafermedelamotte.fr\/index.php\/wp-json\/wp\/v2\/tags?post=65"}],"curies":[{"name":"wp","href":"https:\/\/api.w.org\/{rel}","templated":true}]}}