{"id":76,"date":"2019-02-18T14:40:51","date_gmt":"2019-02-18T13:40:51","guid":{"rendered":"http:\/\/lafermedelamotte.fr\/?p=76"},"modified":"2019-02-18T14:43:08","modified_gmt":"2019-02-18T13:43:08","slug":"le-retour-de-le-retour","status":"publish","type":"post","link":"http:\/\/lafermedelamotte.fr\/index.php\/2019\/02\/18\/le-retour-de-le-retour\/","title":{"rendered":"Le retour de \u00ab\u00a0le retour\u00a0\u00bb !"},"content":{"rendered":"<p>Oui bon&#8230; ok. J&rsquo;avais dit qu&rsquo;on allait reprendre notre site il y a 6 mois. J&rsquo;ai mis 2 articles et puis plus rien. Pourtant&#8230; il s&rsquo;en est pass\u00e9 des choses ! Mais que voulez vous, le num\u00e9rique nous attire moins que notre fille et nos activit\u00e9s ext\u00e9rieures !<\/p>\n<p>Malgr\u00e9 tout, on essaie de se forcer la main car on se dit que \u00e7a nous fera un chouette souvenir dans quelques ann\u00e9es&#8230;<\/p>\n<p>Alors&#8230; hop hop hop ! On s&rsquo;y remet ! Et on essaie de suivre le rythme !<\/p>\n<p>J&rsquo;ai une semaine de vacances&#8230; je vais tenter d&rsquo;\u00e9crire un article par jour pour rattraper le retard. Apr\u00e8s, on essaiera trouver un rythme r\u00e9gulier mais pas fr\u00e9quent. Une fois tous les 2\/3 mois me semble pas mal pour donner des nouvelles.<\/p>\n<p>L&rsquo;avantage de faire des articles a posteriori c&rsquo;est que je vais pouvoir mettre dans le m\u00eame article des avanc\u00e9es qui ont dur\u00e9 plusieurs mois&#8230;<\/p>\n<p>Voici le programme pour les articles \u00e0 suivre :<\/p>\n<ul>\n<li>les menuiseries<\/li>\n<li>le rejointoiement de la fa\u00e7ade<\/li>\n<li>la peinture des radiateurs (oui&#8230; \u00e7a vaut un article de par les d\u00e9convenues que cela a engendr\u00e9 !)<\/li>\n<li>l&rsquo;isolation du rez de chauss\u00e9e et de la cave<\/li>\n<li>la toiture et la pose des fen\u00eatres de toit<\/li>\n<li>le plan du jardin, et d\u00e9placement des bordures<\/li>\n<\/ul>\n<p>\u00c7a c&rsquo;est tout ce qui a d\u00e9j\u00e0 \u00e9t\u00e9 fait.<\/p>\n<p>Dans les projets \u00e0 venir tr\u00e8s rapidement, nous avons pr\u00e9vu :<\/p>\n<ul>\n<li>destruction du poulailler temporaire et construction du nouveau<\/li>\n<li>mise en place d&rsquo;un \u00ab\u00a0aromatier\u00a0\u00bb (n\u00e9ologisme mariannesque qui vous intrigue et laisse un suspens indescriptible)<\/li>\n<li>plantation de 8 fruitiers (pr\u00e9vu ce vendredi matin !)<\/li>\n<\/ul>\n<p>A bient\u00f4t !<\/p>\n","protected":false},"excerpt":{"rendered":"<p>Oui bon&#8230; ok. J&rsquo;avais dit qu&rsquo;on allait reprendre notre site il y a 6 mois. J&rsquo;ai mis 2 articles et puis plus rien. Pourtant&#8230; il s&rsquo;en est pass\u00e9 des choses ! Mais que voulez vous, le num\u00e9rique nous attire moins que notre fille et nos activit\u00e9s ext\u00e9rieures ! Malgr\u00e9 tout, on essaie de se forcer &hellip; <\/p>\n<p class=\"link-more\"><a href=\"http:\/\/lafermedelamotte.fr\/index.php\/2019\/02\/18\/le-retour-de-le-retour\/\" class=\"more-link\">Continuer la lecture<span class=\"screen-reader-text\"> de &laquo;&nbsp;Le retour de \u00ab\u00a0le retour\u00a0\u00bb !&nbsp;&raquo;<\/span><\/a><\/p>\n","protected":false},"author":1,"featured_media":0,"comment_status":"open","ping_status":"open","sticky":false,"template":"","format":"standard","meta":{"_jetpack_memberships_contains_paid_content":false,"footnotes":""},"categories":[1],"tags":[],"class_list":["post-76","post","type-post","status-publish","format-standard","hentry","category-non-classe"],"jetpack_featured_media_url":"","jetpack_sharing_enabled":true,"_links":{"self":[{"href":"http:\/\/lafermedelamotte.fr\/index.php\/wp-json\/wp\/v2\/posts\/76","targetHints":{"allow":["GET"]}}],"collection":[{"href":"http:\/\/lafermedelamotte.fr\/index.php\/wp-json\/wp\/v2\/posts"}],"about":[{"href":"http:\/\/lafermedelamotte.fr\/index.php\/wp-json\/wp\/v2\/types\/post"}],"author":[{"embeddable":true,"href":"http:\/\/lafermedelamotte.fr\/index.php\/wp-json\/wp\/v2\/users\/1"}],"replies":[{"embeddable":true,"href":"http:\/\/lafermedelamotte.fr\/index.php\/wp-json\/wp\/v2\/comments?post=76"}],"version-history":[{"count":2,"href":"http:\/\/lafermedelamotte.fr\/index.php\/wp-json\/wp\/v2\/posts\/76\/revisions"}],"predecessor-version":[{"id":78,"href":"http:\/\/lafermedelamotte.fr\/index.php\/wp-json\/wp\/v2\/posts\/76\/revisions\/78"}],"wp:attachment":[{"href":"http:\/\/lafermedelamotte.fr\/index.php\/wp-json\/wp\/v2\/media?parent=76"}],"wp:term":[{"taxonomy":"category","embeddable":true,"href":"http:\/\/lafermedelamotte.fr\/index.php\/wp-json\/wp\/v2\/categories?post=76"},{"taxonomy":"post_tag","embeddable":true,"href":"http:\/\/lafermedelamotte.fr\/index.php\/wp-json\/wp\/v2\/tags?post=76"}],"curies":[{"name":"wp","href":"https:\/\/api.w.org\/{rel}","templated":true}]}}