{"id":79,"date":"2019-02-19T13:59:26","date_gmt":"2019-02-19T12:59:26","guid":{"rendered":"http:\/\/lafermedelamotte.fr\/?p=79"},"modified":"2019-02-19T14:24:21","modified_gmt":"2019-02-19T13:24:21","slug":"les-menuiseries","status":"publish","type":"post","link":"http:\/\/lafermedelamotte.fr\/index.php\/2019\/02\/19\/les-menuiseries\/","title":{"rendered":"Les menuiseries &#8211; janvier > avril 2018"},"content":{"rendered":"<p>Toutes nos fen\u00eatres \u00e9taient en simple vitrage et les portes laissaient passer beaucoup d&rsquo;air. Il \u00e9tait donc imp\u00e9ratif de changer nos huisseries.<\/p>\n<p>Il a fallu long temps de r\u00e9flexion pour arriver \u00e0 trouver ce qui nous conviendrait pour :<\/p>\n<ul>\n<li>avoir plus de lumi\u00e8re &gt; <strong>ouvrir une baie, prendre des menuiseries avec grand vitrage<\/strong><\/li>\n<li>des menuiseries isolantes &gt;<strong> bois<\/strong><\/li>\n<li>des menuiseries les moins polluantes possibles, relativement au temps que nous souhaitions passer \u00e0 leur entretien &gt; <strong>bois avec rev\u00eatement alu<\/strong><\/li>\n<li>une couleur ext\u00e9rieure qui aille bien avec les futurs joints de la maison &gt; <strong>bleu 2700 sabl\u00e9<\/strong><\/li>\n<li>\u00a0pour pas trop cher &gt;<strong> pose par une petite entreprise de la r\u00e9gion, qui avait l&rsquo;air bien sympa et attentive aux crit\u00e8res \u00e9cologiques qui nous plaisent <\/strong><em>(le \u00ab\u00a0avait l&rsquo;air\u00a0\u00bb d\u00e9voile peut-\u00eatre un peu la suite, non?)\u00a0<\/em><\/li>\n<\/ul>\n<hr \/>\n<p><span style=\"font-size: 1rem;\">Premi\u00e8re \u00e9tape : ouverture de la fen\u00eatre du salon \u00e0 2m50 ( ce qui correspond \u00e0 distance porte fen\u00eatre de la cuisine).<\/span><\/p>\n<figure id=\"attachment_83\" aria-describedby=\"caption-attachment-83\" style=\"width: 525px\" class=\"wp-caption alignleft\"><img loading=\"lazy\" decoding=\"async\" class=\"wp-image-83 size-large\" src=\"http:\/\/lafermedelamotte.fr\/wp-content\/uploads\/2019\/02\/blog-baie0-1024x768.jpg\" alt=\"\" width=\"525\" height=\"394\" srcset=\"http:\/\/lafermedelamotte.fr\/wp-content\/uploads\/2019\/02\/blog-baie0-1024x768.jpg 1024w, http:\/\/lafermedelamotte.fr\/wp-content\/uploads\/2019\/02\/blog-baie0-300x225.jpg 300w, http:\/\/lafermedelamotte.fr\/wp-content\/uploads\/2019\/02\/blog-baie0-768x576.jpg 768w, http:\/\/lafermedelamotte.fr\/wp-content\/uploads\/2019\/02\/blog-baie0.jpg 2000w\" sizes=\"auto, (max-width: 525px) 100vw, 525px\" \/><figcaption id=\"caption-attachment-83\" class=\"wp-caption-text\">Oh le gros trou !<\/figcaption><\/figure>\n<p>&nbsp;<\/p>\n<figure id=\"attachment_80\" aria-describedby=\"caption-attachment-80\" style=\"width: 300px\" class=\"wp-caption alignnone\"><img loading=\"lazy\" decoding=\"async\" class=\"wp-image-80 size-medium\" src=\"http:\/\/lafermedelamotte.fr\/wp-content\/uploads\/2019\/02\/blog-baie-2-300x225.jpg\" alt=\"\" width=\"300\" height=\"225\" srcset=\"http:\/\/lafermedelamotte.fr\/wp-content\/uploads\/2019\/02\/blog-baie-2-300x225.jpg 300w, http:\/\/lafermedelamotte.fr\/wp-content\/uploads\/2019\/02\/blog-baie-2-768x576.jpg 768w, http:\/\/lafermedelamotte.fr\/wp-content\/uploads\/2019\/02\/blog-baie-2.jpg 1000w\" sizes=\"auto, (max-width: 300px) 100vw, 300px\" \/><figcaption id=\"caption-attachment-80\" class=\"wp-caption-text\">Plus que le linteau<\/figcaption><\/figure>\n<p><img loading=\"lazy\" decoding=\"async\" class=\"aligncenter wp-image-81 size-full\" src=\"http:\/\/lafermedelamotte.fr\/wp-content\/uploads\/2019\/02\/blog-baie-3.jpg\" alt=\"\" width=\"1000\" height=\"750\" srcset=\"http:\/\/lafermedelamotte.fr\/wp-content\/uploads\/2019\/02\/blog-baie-3.jpg 1000w, http:\/\/lafermedelamotte.fr\/wp-content\/uploads\/2019\/02\/blog-baie-3-300x225.jpg 300w, http:\/\/lafermedelamotte.fr\/wp-content\/uploads\/2019\/02\/blog-baie-3-768x576.jpg 768w\" sizes=\"auto, (max-width: 767px) 89vw, (max-width: 1000px) 54vw, (max-width: 1071px) 543px, 580px\" \/><\/p>\n<p>Tout parait tr\u00e8s simple : ils viennent, ils font et tout est beau. Mais cela a \u00e9t\u00e9 un peu plus stressant que cela. Le temps d&rsquo;abord : il a neig\u00e9 juste la semaine o\u00f9 ils ont commenc\u00e9. Puis, les pierres d&rsquo;assises n&rsquo;\u00e9taient pas droites : ils ont d\u00fb r\u00e9 intervenir et enfin le linteau n&rsquo;\u00e9tait pas tr\u00e8s propre. Ils ont du \u00e9galement revenir pour le nettoyer.<\/p>\n<p>Nous avons profiter de l&rsquo;ouverture de cette baie pour faire sauter le poteau qui \u00e9tait au milieu du salon en faisant mettre des IPN.<\/p>\n<figure id=\"attachment_84\" aria-describedby=\"caption-attachment-84\" style=\"width: 1000px\" class=\"wp-caption alignnone\"><img loading=\"lazy\" decoding=\"async\" class=\"wp-image-84 size-full\" src=\"http:\/\/lafermedelamotte.fr\/wp-content\/uploads\/2019\/02\/blog-poteau.jpg\" alt=\"\" width=\"1000\" height=\"750\" srcset=\"http:\/\/lafermedelamotte.fr\/wp-content\/uploads\/2019\/02\/blog-poteau.jpg 1000w, http:\/\/lafermedelamotte.fr\/wp-content\/uploads\/2019\/02\/blog-poteau-300x225.jpg 300w, http:\/\/lafermedelamotte.fr\/wp-content\/uploads\/2019\/02\/blog-poteau-768x576.jpg 768w\" sizes=\"auto, (max-width: 767px) 89vw, (max-width: 1000px) 54vw, (max-width: 1071px) 543px, 580px\" \/><figcaption id=\"caption-attachment-84\" class=\"wp-caption-text\">Etayage de la poutre pendant le placement de l&rsquo;IPN<\/figcaption><\/figure>\n<p>&nbsp;<\/p>\n<figure id=\"attachment_85\" aria-describedby=\"caption-attachment-85\" style=\"width: 1000px\" class=\"wp-caption alignnone\"><img loading=\"lazy\" decoding=\"async\" class=\"wp-image-85 size-full\" src=\"http:\/\/lafermedelamotte.fr\/wp-content\/uploads\/2019\/02\/blog-poteau2.jpg\" alt=\"\" width=\"1000\" height=\"750\" srcset=\"http:\/\/lafermedelamotte.fr\/wp-content\/uploads\/2019\/02\/blog-poteau2.jpg 1000w, http:\/\/lafermedelamotte.fr\/wp-content\/uploads\/2019\/02\/blog-poteau2-300x225.jpg 300w, http:\/\/lafermedelamotte.fr\/wp-content\/uploads\/2019\/02\/blog-poteau2-768x576.jpg 768w\" sizes=\"auto, (max-width: 767px) 89vw, (max-width: 1000px) 54vw, (max-width: 1071px) 543px, 580px\" \/><figcaption id=\"caption-attachment-85\" class=\"wp-caption-text\">Mise en place de l&rsquo;IPN<\/figcaption><\/figure>\n<p>&nbsp;<\/p>\n<hr \/>\n<p>Seconde \u00e9tape<\/p>\n<p>La ma\u00e7onnerie \u00e9tant faite, nous avons pu faire venir notre ch\u00e8re \u00ab\u00a0petite entreprise\u00a0\u00bb. Les menuiseries ont effectivement \u00e9t\u00e9 pos\u00e9e mais elles \u00e9taient trop grandes&#8230;. \u00a0Ils ont donc d\u00fb raboter les pierres pour les faire passer et nous n&rsquo;avons plus la place de faire l&rsquo;isolation des joues des fen\u00eatres et portes. D&rsquo;autre part, la baie a \u00e9t\u00e9 ouverte de 4cm de trop en largeur et hauteur sur demande de cette entreprise pour pallier leur manque d&rsquo;anticipation par rapport \u00e0 l&rsquo;isolation (commande faite avant l&rsquo;ouverture de la baie).<\/p>\n<p>Nous avons tout simplement \u00e9t\u00e9 mis face au fait accompli : 2 portes, la baie et une fen\u00eatre avaient \u00e9t\u00e9 pos\u00e9es avant que nous nous rendions compte de tous ces probl\u00e8mes (nous n&rsquo;habitions pas sur place \u00e0 l&rsquo;\u00e9poque). Constatant cela, nous avons demand\u00e9 des explications \u00e0 l&rsquo;entreprise, qui a simplement pr\u00e9f\u00e9r\u00e9 arr\u00eater de travailler pour nous en nous exon\u00e9rant du dernier ch\u00e8que \u00e0 payer.<\/p>\n<p>Cette histoire a \u00e9t\u00e9 tr\u00e8s d\u00e9sagr\u00e9able. Ce n&rsquo;est pas l&rsquo;erreur de mesure des artisans qui m&rsquo;a g\u00ean\u00e9e. Mais le fait qu&rsquo;\u00e0 aucun moment ils aient pris acte de cette erreur et nous aient avertis pour que nous trouvions ensemble une solution.<\/p>\n<p>Nous nous en sortons avec des menuiseries \u00e0 moiti\u00e9 pris, mais avec un go\u00fbt amer : d\u00e9\u00e7us par les artisans et leur r\u00e9alisation. Cela dit, nous nous en sortons \u00e9galement avec une exp\u00e9rience que nous n&rsquo;oublierons pas et qui sans doute nous aidera dans nos prochains choix.<\/p>\n<p>La derni\u00e8re fen\u00eatre n&rsquo;ayant pas \u00e9t\u00e9 pos\u00e9e avant la rupture du contrat, il a fallu que nous trouvions un artisan qui nous pose la derni\u00e8re fen\u00eatre. Etant menuisier, il avait ce qu&rsquo;il fallait pour raboter la fen\u00eatre et la faire entrer sans ab\u00eemer les pierres.<\/p>\n<hr \/>\n<p>Enfin&#8230; le r\u00e9sultat n&rsquo;est pas si mal d&rsquo;ext\u00e9rieur. Nous ne serons pas aussi bien isol\u00e9s que nous pensions l&rsquo;\u00eatre mais je vais tenter de pallier cela avec des bons double rideaux.<\/p>\n<p>&nbsp;<\/p>\n<p><img loading=\"lazy\" decoding=\"async\" class=\"alignnone wp-image-86 size-full\" src=\"http:\/\/lafermedelamotte.fr\/wp-content\/uploads\/2019\/02\/blog-menuiserie.jpg\" alt=\"\" width=\"1000\" height=\"750\" srcset=\"http:\/\/lafermedelamotte.fr\/wp-content\/uploads\/2019\/02\/blog-menuiserie.jpg 1000w, http:\/\/lafermedelamotte.fr\/wp-content\/uploads\/2019\/02\/blog-menuiserie-300x225.jpg 300w, http:\/\/lafermedelamotte.fr\/wp-content\/uploads\/2019\/02\/blog-menuiserie-768x576.jpg 768w\" sizes=\"auto, (max-width: 767px) 89vw, (max-width: 1000px) 54vw, (max-width: 1071px) 543px, 580px\" \/><\/p>\n<p>&nbsp;<\/p>\n","protected":false},"excerpt":{"rendered":"<p>Toutes nos fen\u00eatres \u00e9taient en simple vitrage et les portes laissaient passer beaucoup d&rsquo;air. Il \u00e9tait donc imp\u00e9ratif de changer nos huisseries. Il a fallu long temps de r\u00e9flexion pour arriver \u00e0 trouver ce qui nous conviendrait pour : avoir plus de lumi\u00e8re &gt; ouvrir une baie, prendre des menuiseries avec grand vitrage des menuiseries &hellip; <\/p>\n<p class=\"link-more\"><a href=\"http:\/\/lafermedelamotte.fr\/index.php\/2019\/02\/19\/les-menuiseries\/\" class=\"more-link\">Continuer la lecture<span class=\"screen-reader-text\"> de &laquo;&nbsp;Les menuiseries &#8211; janvier > avril 2018&nbsp;&raquo;<\/span><\/a><\/p>\n","protected":false},"author":1,"featured_media":0,"comment_status":"open","ping_status":"open","sticky":false,"template":"","format":"image","meta":{"_jetpack_memberships_contains_paid_content":false,"footnotes":""},"categories":[2],"tags":[],"class_list":["post-79","post","type-post","status-publish","format-image","hentry","category-maison","post_format-post-format-image"],"jetpack_featured_media_url":"","jetpack_sharing_enabled":true,"_links":{"self":[{"href":"http:\/\/lafermedelamotte.fr\/index.php\/wp-json\/wp\/v2\/posts\/79","targetHints":{"allow":["GET"]}}],"collection":[{"href":"http:\/\/lafermedelamotte.fr\/index.php\/wp-json\/wp\/v2\/posts"}],"about":[{"href":"http:\/\/lafermedelamotte.fr\/index.php\/wp-json\/wp\/v2\/types\/post"}],"author":[{"embeddable":true,"href":"http:\/\/lafermedelamotte.fr\/index.php\/wp-json\/wp\/v2\/users\/1"}],"replies":[{"embeddable":true,"href":"http:\/\/lafermedelamotte.fr\/index.php\/wp-json\/wp\/v2\/comments?post=79"}],"version-history":[{"count":3,"href":"http:\/\/lafermedelamotte.fr\/index.php\/wp-json\/wp\/v2\/posts\/79\/revisions"}],"predecessor-version":[{"id":89,"href":"http:\/\/lafermedelamotte.fr\/index.php\/wp-json\/wp\/v2\/posts\/79\/revisions\/89"}],"wp:attachment":[{"href":"http:\/\/lafermedelamotte.fr\/index.php\/wp-json\/wp\/v2\/media?parent=79"}],"wp:term":[{"taxonomy":"category","embeddable":true,"href":"http:\/\/lafermedelamotte.fr\/index.php\/wp-json\/wp\/v2\/categories?post=79"},{"taxonomy":"post_tag","embeddable":true,"href":"http:\/\/lafermedelamotte.fr\/index.php\/wp-json\/wp\/v2\/tags?post=79"}],"curies":[{"name":"wp","href":"https:\/\/api.w.org\/{rel}","templated":true}]}}